{"id":4214,"date":"2017-02-20T14:11:57","date_gmt":"2017-02-20T13:11:57","guid":{"rendered":"https:\/\/www.fredonoccitanie.com\/captageslr\/?p=4214"},"modified":"2017-02-20T14:11:57","modified_gmt":"2017-02-20T13:11:57","slug":"15-decembre-2016-journee-captages-prioritaires-bassin-rmc","status":"publish","type":"post","link":"https:\/\/www.fredonoccitanie.com\/captages\/2017\/02\/20\/15-decembre-2016-journee-captages-prioritaires-bassin-rmc\/","title":{"rendered":"15 d\u00e9cembre 2016 : Journ\u00e9e \u00ab\u00a0captages prioritaires\u00a0\u00bb du bassin RMC"},"content":{"rendered":"<p>le <strong>15 d\u00e9cembre 2016 dernier<\/strong>, l\u2019agence de l\u2019eau a organis\u00e9 une <strong>journ\u00e9e sp\u00e9cialement consacr\u00e9e aux animateurs \u00ab\u00a0captages prioritaires\u00a0\u00bb du bassin<\/strong>. L\u2019occasion de rappeler l\u2019enjeu central de reconqu\u00eate de la qualit\u00e9 de l\u2019eau.\u00a0 Mais aussi de mobiliser et f\u00e9d\u00e9rer ces animateurs de terrain,\u00a0et engager une r\u00e9flexion sur l\u2019\u00e9volution de la d\u00e9marche et de leur m\u00e9tier pour s\u2019adapter aux importantes \u00e9volutions territoriales en cours.<\/p>\n<p>La rencontre, articul\u00e9e autour d\u2019interventions en salle et d\u2019ateliers participatifs, a permis aux 57 participants pr\u00e9sents d\u2019\u00e9changer sur les questions de l\u2019efficacit\u00e9 des programmes d\u2019actions et la p\u00e9rennit\u00e9 de la restauration, d\u2019\u00e9voquer le th\u00e8me de la strat\u00e9gie fonci\u00e8re, ou encore d\u2019aborder l\u2019impact sur la d\u00e9marche de la r\u00e9organisation territoriale en cours au sein des collectivit\u00e9s. Premi\u00e8re du genre, cette journ\u00e9e d\u2019\u00e9changes a fait l\u2019unanimit\u00e9 et sa reconduction est d\u2019ores et d\u00e9j\u00e0 act\u00e9e.<\/p>\n","protected":false},"excerpt":{"rendered":"<p>le 15 d\u00e9cembre 2016 dernier, l\u2019agence de l\u2019eau a organis\u00e9 une journ\u00e9e sp\u00e9cialement consacr\u00e9e aux animateurs \u00ab\u00a0captages prioritaires\u00a0\u00bb du bassin. L\u2019occasion de rappeler l\u2019enjeu central de reconqu\u00eate de la qualit\u00e9 de l\u2019eau.\u00a0 Mais aussi de mobiliser et f\u00e9d\u00e9rer ces animateurs de terrain,\u00a0et engager une r\u00e9flexion sur l\u2019\u00e9volution de la d\u00e9marche et de leur m\u00e9tier pour [&hellip;]<\/p>\n","protected":false},"author":1,"featured_media":4215,"comment_status":"open","ping_status":"open","sticky":false,"template":"","format":"standard","meta":{"footnotes":""},"categories":[7],"tags":[8],"class_list":["post-4214","post","type-post","status-publish","format-standard","has-post-thumbnail","hentry","category-captages-d-eauccitanie","tag-actualites-captages"],"_links":{"self":[{"href":"https:\/\/www.fredonoccitanie.com\/captages\/wp-json\/wp\/v2\/posts\/4214","targetHints":{"allow":["GET"]}}],"collection":[{"href":"https:\/\/www.fredonoccitanie.com\/captages\/wp-json\/wp\/v2\/posts"}],"about":[{"href":"https:\/\/www.fredonoccitanie.com\/captages\/wp-json\/wp\/v2\/types\/post"}],"author":[{"embeddable":true,"href":"https:\/\/www.fredonoccitanie.com\/captages\/wp-json\/wp\/v2\/users\/1"}],"replies":[{"embeddable":true,"href":"https:\/\/www.fredonoccitanie.com\/captages\/wp-json\/wp\/v2\/comments?post=4214"}],"version-history":[{"count":0,"href":"https:\/\/www.fredonoccitanie.com\/captages\/wp-json\/wp\/v2\/posts\/4214\/revisions"}],"wp:featuredmedia":[{"embeddable":true,"href":"https:\/\/www.fredonoccitanie.com\/captages\/wp-json\/wp\/v2\/media\/4215"}],"wp:attachment":[{"href":"https:\/\/www.fredonoccitanie.com\/captages\/wp-json\/wp\/v2\/media?parent=4214"}],"wp:term":[{"taxonomy":"category","embeddable":true,"href":"https:\/\/www.fredonoccitanie.com\/captages\/wp-json\/wp\/v2\/categories?post=4214"},{"taxonomy":"post_tag","embeddable":true,"href":"https:\/\/www.fredonoccitanie.com\/captages\/wp-json\/wp\/v2\/tags?post=4214"}],"curies":[{"name":"wp","href":"https:\/\/api.w.org\/{rel}","templated":true}]}}