{"id":3924,"date":"2017-01-09T14:39:58","date_gmt":"2017-01-09T13:39:58","guid":{"rendered":"https:\/\/www.fredonoccitanie.com\/captageslr\/?p=3924"},"modified":"2021-12-15T09:24:02","modified_gmt":"2021-12-15T08:24:02","slug":"journee-thema","status":"publish","type":"post","link":"https:\/\/www.fredonoccitanie.com\/captages\/2017\/01\/09\/journee-thema\/","title":{"rendered":"JOURNEE THEMA : \u00ab\u00a0QGIS\u00a0\u00bb"},"content":{"rendered":"<p>La cartographie est un outil utilis\u00e9 par les animateurs dans le cadre de leur mission, notamment dans le cadre des op\u00e9rations agricoles qu\u2019ils mettent en place. Afin de perfectionner l\u2019utilisation du logiciel QGIS, les animateurs du r\u00e9seau sont convi\u00e9s \u00e0 prendre part \u00e0 cette journ\u00e9e qui se veut \u00eatre une journ\u00e9e de mutualisation des savoirs.<\/p>\n<p style=\"text-align: center\"><strong>le Vendredi 27 Janvier<\/strong><\/p>\n<p style=\"text-align: center\">\u00e0 l\u2019Agence de l\u2019eau Rh\u00f4ne M\u00e9diterran\u00e9e Corse- D\u00e9l\u00e9gation de Montpellier (salle\u00a0?)-<\/p>\n<p style=\"text-align: center\">de 9h30 \u00e0 16h00<\/p>\n<p>Cette journ\u00e9e est bas\u00e9e sur l&rsquo;\u00e9change, et la capitalisation de savoir-faire et des comp\u00e9tences d\u00e9velopp\u00e9es par chacun des membres en SIG avec le logiciel QGIS. Il s\u2019agit d\u2019une formation d\u2019approfondissement de comp\u00e9tence.<\/p>\n<p>Deux personnes interviendront selon les attentes et questions de chacun. Celles-ci sont en partie recens\u00e9es dans ce <a href=\"https:\/\/docs.google.com\/spreadsheets\/d\/12BVkFwcBbTHVGhIlweIXL5adYmDydqPw5R05_2COIbE\/edit?usp=sharing\">document<\/a>.<\/p>\n<p>Le d\u00e9jeuner (non pris en charge) sera pris au restaurant selon le nombre d\u2019inscrits.<\/p>\n<p>Si vous souhaitez prendre part \u00e0 cette journ\u00e9e THEMA, merci de vous inscrire <a href=\"https:\/\/docs.google.com\/spreadsheets\/d\/1pA-Hv59LuIN-0g8ly5it3G-zpqlg6PEobhYkDRFbkhk\/edit?usp=sharing\">ici.<\/a><\/p>\n<p>Pour toutes informations compl\u00e9mentaires, vous pouvez contacter, Johan COULOMB : 04 67 75 64 48<\/p>\n<p><u>Intervenants\u00a0:<\/u><\/p>\n<ul>\n<li>Benjamin HERCELIN, SIGiste \u00e0 l\u2019Agence de l\u2019Eau RMC<\/li>\n<li>Morgane MAITREJEAN, animatrice territoriale captages au SMVOL<\/li>\n<\/ul>\n<p><strong>&#8211;&gt;<a href=\"https:\/\/www.fredonoccitanie.com\/captageslr\/wp-content\/uploads\/sites\/3\/2017\/01\/Invitation_Journ\u00e9e_27012017.pdf\">invitation_journee_27012017<\/a><br \/>\n<\/strong><\/p>\n","protected":false},"excerpt":{"rendered":"<p>La cartographie est un outil utilis\u00e9 par les animateurs dans le cadre de leur mission, notamment dans le cadre des op\u00e9rations agricoles qu\u2019ils mettent en place. Afin de perfectionner l\u2019utilisation du logiciel QGIS, les animateurs du r\u00e9seau sont convi\u00e9s \u00e0 prendre part \u00e0 cette journ\u00e9e qui se veut \u00eatre une journ\u00e9e de mutualisation des savoirs. [&hellip;]<\/p>\n","protected":false},"author":1,"featured_media":3932,"comment_status":"closed","ping_status":"closed","sticky":false,"template":"","format":"standard","meta":{"footnotes":""},"categories":[3,7],"tags":[9],"class_list":["post-3924","post","type-post","status-publish","format-standard","has-post-thumbnail","hentry","category-agenda-captages","category-captages-d-eauccitanie","tag-agenda-captages"],"_links":{"self":[{"href":"https:\/\/www.fredonoccitanie.com\/captages\/wp-json\/wp\/v2\/posts\/3924","targetHints":{"allow":["GET"]}}],"collection":[{"href":"https:\/\/www.fredonoccitanie.com\/captages\/wp-json\/wp\/v2\/posts"}],"about":[{"href":"https:\/\/www.fredonoccitanie.com\/captages\/wp-json\/wp\/v2\/types\/post"}],"author":[{"embeddable":true,"href":"https:\/\/www.fredonoccitanie.com\/captages\/wp-json\/wp\/v2\/users\/1"}],"replies":[{"embeddable":true,"href":"https:\/\/www.fredonoccitanie.com\/captages\/wp-json\/wp\/v2\/comments?post=3924"}],"version-history":[{"count":1,"href":"https:\/\/www.fredonoccitanie.com\/captages\/wp-json\/wp\/v2\/posts\/3924\/revisions"}],"predecessor-version":[{"id":8915,"href":"https:\/\/www.fredonoccitanie.com\/captages\/wp-json\/wp\/v2\/posts\/3924\/revisions\/8915"}],"wp:featuredmedia":[{"embeddable":true,"href":"https:\/\/www.fredonoccitanie.com\/captages\/wp-json\/wp\/v2\/media\/3932"}],"wp:attachment":[{"href":"https:\/\/www.fredonoccitanie.com\/captages\/wp-json\/wp\/v2\/media?parent=3924"}],"wp:term":[{"taxonomy":"category","embeddable":true,"href":"https:\/\/www.fredonoccitanie.com\/captages\/wp-json\/wp\/v2\/categories?post=3924"},{"taxonomy":"post_tag","embeddable":true,"href":"https:\/\/www.fredonoccitanie.com\/captages\/wp-json\/wp\/v2\/tags?post=3924"}],"curies":[{"name":"wp","href":"https:\/\/api.w.org\/{rel}","templated":true}]}}