{"id":11299,"date":"2024-10-14T12:15:11","date_gmt":"2024-10-14T10:15:11","guid":{"rendered":"https:\/\/www.fredonoccitanie.com\/captages\/?p=11299"},"modified":"2024-10-14T12:15:11","modified_gmt":"2024-10-14T10:15:11","slug":"adoption-du-12e-programme-dintervention-2025-2030-de-lagence-de-leau-adour-garonne","status":"publish","type":"post","link":"https:\/\/www.fredonoccitanie.com\/captages\/2024\/10\/14\/adoption-du-12e-programme-dintervention-2025-2030-de-lagence-de-leau-adour-garonne\/","title":{"rendered":"Adoption du 12e programme d&rsquo;intervention 2025-2030 de l&rsquo;Agence de l&rsquo;eau Adour-Garonne"},"content":{"rendered":"<p style=\"text-align: center\"><strong>Le bassin Adour Garonne valide un programme financier ambitieux pour l\u2019eau pour les 6 prochaines ann\u00e9es afin de faire face au changement climatique.<\/strong><\/p>\n<p><img loading=\"lazy\" decoding=\"async\" class=\"wp-image-11300  aligncenter\" src=\"https:\/\/www.fredonoccitanie.com\/captages\/wp-content\/uploads\/sites\/3\/2024\/10\/Capture-decran-2024-10-14-121001.png\" alt=\"\" width=\"938\" height=\"454\" srcset=\"https:\/\/www.fredonoccitanie.com\/captages\/wp-content\/uploads\/sites\/3\/2024\/10\/Capture-decran-2024-10-14-121001.png 1186w, https:\/\/www.fredonoccitanie.com\/captages\/wp-content\/uploads\/sites\/3\/2024\/10\/Capture-decran-2024-10-14-121001-300x145.png 300w, https:\/\/www.fredonoccitanie.com\/captages\/wp-content\/uploads\/sites\/3\/2024\/10\/Capture-decran-2024-10-14-121001-1030x498.png 1030w, https:\/\/www.fredonoccitanie.com\/captages\/wp-content\/uploads\/sites\/3\/2024\/10\/Capture-decran-2024-10-14-121001-768x372.png 768w, https:\/\/www.fredonoccitanie.com\/captages\/wp-content\/uploads\/sites\/3\/2024\/10\/Capture-decran-2024-10-14-121001-705x341.png 705w\" sizes=\"auto, (max-width: 938px) 100vw, 938px\" \/><\/p>\n<p style=\"text-align: center\">Lors de sa r\u00e9union pl\u00e9ni\u00e8re de ce jour, le Comit\u00e9 de bassin Adour-Garonne, pr\u00e9sid\u00e9 par Alain Rousset, a donn\u00e9 un <strong>avis conforme au 12e programme d&rsquo;intervention soumis par le Conseil d\u2019Administration de l\u2019agence de l\u2019eau, pour les ann\u00e9es 2025-2030<\/strong>. Ce nouveau programme pr\u00e9voit le <strong>d\u00e9ploiement de 2 milliards d\u2019euros sur 6 ans pour accompagner et amplifier l\u2019adaptation au changement climatique<\/strong> en offrant des r\u00e9ponses concr\u00e8tes et innovantes aux d\u00e9fis qui s\u2019imposent au Grand Sud-Ouest.<\/p>\n<p>&nbsp;<\/p>\n<p style=\"text-align: center\"><a href=\"https:\/\/eau-grandsudouest.fr\/espace-presse\/bassin-adour-garonne-valide-un-programme-financier-ambitieux-pour-eau-pour-6-prochaines-annees-afin\">En savoir plus<\/a><\/p>\n","protected":false},"excerpt":{"rendered":"<p>Le bassin Adour Garonne valide un programme financier ambitieux pour l\u2019eau pour les 6 prochaines ann\u00e9es afin de faire face au changement climatique. Lors de sa r\u00e9union pl\u00e9ni\u00e8re de ce jour, le Comit\u00e9 de bassin Adour-Garonne, pr\u00e9sid\u00e9 par Alain Rousset, a donn\u00e9 un avis conforme au 12e programme d&rsquo;intervention soumis par le Conseil d\u2019Administration de [&hellip;]<\/p>\n","protected":false},"author":20,"featured_media":11302,"comment_status":"closed","ping_status":"closed","sticky":false,"template":"","format":"standard","meta":{"footnotes":""},"categories":[2,12],"tags":[],"class_list":["post-11299","post","type-post","status-publish","format-standard","has-post-thumbnail","hentry","category-actualites-captages","category-actualites-fredon"],"_links":{"self":[{"href":"https:\/\/www.fredonoccitanie.com\/captages\/wp-json\/wp\/v2\/posts\/11299","targetHints":{"allow":["GET"]}}],"collection":[{"href":"https:\/\/www.fredonoccitanie.com\/captages\/wp-json\/wp\/v2\/posts"}],"about":[{"href":"https:\/\/www.fredonoccitanie.com\/captages\/wp-json\/wp\/v2\/types\/post"}],"author":[{"embeddable":true,"href":"https:\/\/www.fredonoccitanie.com\/captages\/wp-json\/wp\/v2\/users\/20"}],"replies":[{"embeddable":true,"href":"https:\/\/www.fredonoccitanie.com\/captages\/wp-json\/wp\/v2\/comments?post=11299"}],"version-history":[{"count":3,"href":"https:\/\/www.fredonoccitanie.com\/captages\/wp-json\/wp\/v2\/posts\/11299\/revisions"}],"predecessor-version":[{"id":11304,"href":"https:\/\/www.fredonoccitanie.com\/captages\/wp-json\/wp\/v2\/posts\/11299\/revisions\/11304"}],"wp:featuredmedia":[{"embeddable":true,"href":"https:\/\/www.fredonoccitanie.com\/captages\/wp-json\/wp\/v2\/media\/11302"}],"wp:attachment":[{"href":"https:\/\/www.fredonoccitanie.com\/captages\/wp-json\/wp\/v2\/media?parent=11299"}],"wp:term":[{"taxonomy":"category","embeddable":true,"href":"https:\/\/www.fredonoccitanie.com\/captages\/wp-json\/wp\/v2\/categories?post=11299"},{"taxonomy":"post_tag","embeddable":true,"href":"https:\/\/www.fredonoccitanie.com\/captages\/wp-json\/wp\/v2\/tags?post=11299"}],"curies":[{"name":"wp","href":"https:\/\/api.w.org\/{rel}","templated":true}]}}