{"id":11275,"date":"2024-10-01T11:52:08","date_gmt":"2024-10-01T09:52:08","guid":{"rendered":"https:\/\/www.fredonoccitanie.com\/captages\/?p=11275"},"modified":"2024-10-01T11:52:08","modified_gmt":"2024-10-01T09:52:08","slug":"journee-dechanges-techniques-leviers-economiques-pour-la-transition-agroecologique","status":"publish","type":"post","link":"https:\/\/www.fredonoccitanie.com\/captages\/2024\/10\/01\/journee-dechanges-techniques-leviers-economiques-pour-la-transition-agroecologique\/","title":{"rendered":"Journ\u00e9e d&rsquo;\u00e9changes techniques : \u00ab\u00a0Leviers \u00e9conomiques pour la transition agro\u00e9cologique\u00a0\u00bb"},"content":{"rendered":"<p style=\"text-align: center\"><strong>Venez participer \u00e0 la prochaine journ\u00e9e technique organis\u00e9e par le centre de ressources Captages \u00e0 Paris, le 26 novembre 2024.<br \/>\n<\/strong><\/p>\n<p style=\"text-align: center\">Cette journ\u00e9e sera pr\u00e9c\u00e9d\u00e9e d&rsquo;une c\u00e9r\u00e9monie de remise des troph\u00e9es des Grands prix \u00ab\u00a0Pr\u00e9servation des captages d&rsquo;eau potable\u00a0\u00bb, concours national visant \u00e0 valoriser et faire conna\u00eetre des d\u00e9marches exemplaires port\u00e9es par les collectivit\u00e9s territoriales.<\/p>\n<p><img loading=\"lazy\" decoding=\"async\" class=\"wp-image-11276 size-full aligncenter\" src=\"https:\/\/www.fredonoccitanie.com\/captages\/wp-content\/uploads\/sites\/3\/2024\/10\/Visuel-Jet-2024_leviers-economiques.jpg\" alt=\"\" width=\"650\" height=\"366\" srcset=\"https:\/\/www.fredonoccitanie.com\/captages\/wp-content\/uploads\/sites\/3\/2024\/10\/Visuel-Jet-2024_leviers-economiques.jpg 650w, https:\/\/www.fredonoccitanie.com\/captages\/wp-content\/uploads\/sites\/3\/2024\/10\/Visuel-Jet-2024_leviers-economiques-300x169.jpg 300w\" sizes=\"auto, (max-width: 650px) 100vw, 650px\" \/><\/p>\n<p>Cet \u00e9v\u00e8nement a pour objectif de vous pr\u00e9senter des <strong>exemples d&rsquo;outils \u00e9conomiques<\/strong>, comme les mesures agro-envrionnementales et climatiques (MAEC) et paiements pour services environnementaux (PSE), et de partager des exp\u00e9riences et des savoir-faire pour agir efficacement.<\/p>\n<p>Le programme s&rsquo;articulera autour de 3 axes :<\/p>\n<ul>\n<li>Actualit\u00e9s nationales : feuille de route captages et r\u00e9gime cadre des PSE<\/li>\n<li>Bilan de la mobilisation des MAEC et des PSE dans les AAC<\/li>\n<li>Retours d&rsquo;exp\u00e9riences et \u00e9changes autour des PSE.<\/li>\n<\/ul>\n<p style=\"text-align: center\"><a href=\"https:\/\/professionnels.ofb.fr\/fr\/node\/1886\">En savoir plus<\/a><\/p>\n","protected":false},"excerpt":{"rendered":"<p>Venez participer \u00e0 la prochaine journ\u00e9e technique organis\u00e9e par le centre de ressources Captages \u00e0 Paris, le 26 novembre 2024. Cette journ\u00e9e sera pr\u00e9c\u00e9d\u00e9e d&rsquo;une c\u00e9r\u00e9monie de remise des troph\u00e9es des Grands prix \u00ab\u00a0Pr\u00e9servation des captages d&rsquo;eau potable\u00a0\u00bb, concours national visant \u00e0 valoriser et faire conna\u00eetre des d\u00e9marches exemplaires port\u00e9es par les collectivit\u00e9s territoriales. Cet [&hellip;]<\/p>\n","protected":false},"author":20,"featured_media":11233,"comment_status":"closed","ping_status":"closed","sticky":false,"template":"","format":"standard","meta":{"footnotes":""},"categories":[2,12],"tags":[],"class_list":["post-11275","post","type-post","status-publish","format-standard","has-post-thumbnail","hentry","category-actualites-captages","category-actualites-fredon"],"_links":{"self":[{"href":"https:\/\/www.fredonoccitanie.com\/captages\/wp-json\/wp\/v2\/posts\/11275","targetHints":{"allow":["GET"]}}],"collection":[{"href":"https:\/\/www.fredonoccitanie.com\/captages\/wp-json\/wp\/v2\/posts"}],"about":[{"href":"https:\/\/www.fredonoccitanie.com\/captages\/wp-json\/wp\/v2\/types\/post"}],"author":[{"embeddable":true,"href":"https:\/\/www.fredonoccitanie.com\/captages\/wp-json\/wp\/v2\/users\/20"}],"replies":[{"embeddable":true,"href":"https:\/\/www.fredonoccitanie.com\/captages\/wp-json\/wp\/v2\/comments?post=11275"}],"version-history":[{"count":3,"href":"https:\/\/www.fredonoccitanie.com\/captages\/wp-json\/wp\/v2\/posts\/11275\/revisions"}],"predecessor-version":[{"id":11279,"href":"https:\/\/www.fredonoccitanie.com\/captages\/wp-json\/wp\/v2\/posts\/11275\/revisions\/11279"}],"wp:featuredmedia":[{"embeddable":true,"href":"https:\/\/www.fredonoccitanie.com\/captages\/wp-json\/wp\/v2\/media\/11233"}],"wp:attachment":[{"href":"https:\/\/www.fredonoccitanie.com\/captages\/wp-json\/wp\/v2\/media?parent=11275"}],"wp:term":[{"taxonomy":"category","embeddable":true,"href":"https:\/\/www.fredonoccitanie.com\/captages\/wp-json\/wp\/v2\/categories?post=11275"},{"taxonomy":"post_tag","embeddable":true,"href":"https:\/\/www.fredonoccitanie.com\/captages\/wp-json\/wp\/v2\/tags?post=11275"}],"curies":[{"name":"wp","href":"https:\/\/api.w.org\/{rel}","templated":true}]}}