{"id":11247,"date":"2024-10-01T08:28:27","date_gmt":"2024-10-01T06:28:27","guid":{"rendered":"https:\/\/www.fredonoccitanie.com\/captages\/?p=11247"},"modified":"2024-10-01T09:22:05","modified_gmt":"2024-10-01T07:22:05","slug":"webinaire-11-octobre-presentation-de-la-demarche-forces-vise-a-outiller-la-formalisation-des-connaissances-utiles-a-laction-issues-dexperimentations-de-systemes-de-production-a","status":"publish","type":"post","link":"https:\/\/www.fredonoccitanie.com\/captages\/2024\/10\/01\/webinaire-11-octobre-presentation-de-la-demarche-forces-vise-a-outiller-la-formalisation-des-connaissances-utiles-a-laction-issues-dexperimentations-de-systemes-de-production-a\/","title":{"rendered":"[Webinaire] 11 octobre \u00ab\u00a0Pr\u00e9sentation de la d\u00e9marche FORCES, vise \u00e0 outiller la formalisation des connaissances utiles \u00e0 l\u2019action, issues d\u2019exp\u00e9rimentations de syst\u00e8mes de production agro\u00e9cologiques"},"content":{"rendered":"<p style=\"text-align: center;\"><strong>D\u00e9couvrez la d\u00e9marche FORCES, un outil pour valoriser les connaissances agro\u00e9cologiques<\/strong><\/p>\n<p>Le <strong>11 octobre 2024, de 14h \u00e0 15h30<\/strong>, l&rsquo;INRAE organise un webinaire pour pr\u00e9senter la d\u00e9marche FORCES, une initiative destin\u00e9e \u00e0 structurer et formaliser les connaissances issues des exp\u00e9rimentations en syst\u00e8mes de production agro\u00e9cologiques.<\/p>\n<p>La d\u00e9marche FORCES s&rsquo;adresse particuli\u00e8rement aux acteurs qui con\u00e7oivent et mettent en \u0153uvre ces syst\u00e8mes dans des dispositifs d&rsquo;exp\u00e9rimentation. L&rsquo;objectif est de leur fournir des outils concrets pour valoriser les r\u00e9sultats de ces exp\u00e9rimentations, afin de les rendre accessibles et utiles \u00e0 l&rsquo;action.<\/p>\n<p><strong>Coordonn\u00e9e par les unit\u00e9s INRAE UE Mara\u00eechage et UMR Agronomie<\/strong>, cette initiative a r\u00e9uni un collectif d\u2019agronomes et de zootechniciens. Ensemble, ils ont travaill\u00e9 \u00e0 formaliser et diffuser les savoirs issus de ces dispositifs complexes. Ce travail collaboratif a abouti \u00e0 la publication, en mars 2024, d\u2019un guide pratique. Ce <strong>guide propose des outils adapt\u00e9s pour accompagner les exp\u00e9rimentateurs dans leurs d\u00e9marches de valorisation des r\u00e9sultats<\/strong>.<\/p>\n<p>Ne manquez pas ce webinaire pour d\u00e9couvrir comment la d\u00e9marche FORCES peut vous aider \u00e0 structurer et partager vos connaissances en agro\u00e9cologie.<a href=\"https:\/\/atbvb.fr\/webinaire-presentation-de-la-demarche-forces-vise-a-outiller-la-formalisation-des-connaissances-utiles-a-laction-issues-dexperimentations-de-systemes-de-production-agroecologique\/\">En savoir plus &#8230;<\/a><\/p>\n<p style=\"text-align: center;\"><strong>A t\u00e9l\u00e9charger:<\/strong> <a href=\"https:\/\/hal.inrae.fr\/hal-04492396\">Guide pratique pour formaliser des connaissances pour l\u2019action issues d\u2019exp\u00e9rimentations de syst\u00e8mes de production agro\u00e9cologiques<\/a><\/p>\n<p><img loading=\"lazy\" decoding=\"async\" class=\"size-full wp-image-11249 aligncenter\" src=\"https:\/\/www.fredonoccitanie.com\/captages\/wp-content\/uploads\/sites\/3\/2024\/10\/66fa91f0bd60f014cf5fd733.png\" alt=\"\" width=\"225\" height=\"311\" srcset=\"https:\/\/www.fredonoccitanie.com\/captages\/wp-content\/uploads\/sites\/3\/2024\/10\/66fa91f0bd60f014cf5fd733.png 225w, https:\/\/www.fredonoccitanie.com\/captages\/wp-content\/uploads\/sites\/3\/2024\/10\/66fa91f0bd60f014cf5fd733-217x300.png 217w\" sizes=\"auto, (max-width: 225px) 100vw, 225px\" \/><\/p>\n<p>Source : <a href=\"https:\/\/gis-grandes-cultures.hub.inrae.fr\">INRA<\/a><a href=\"https:\/\/gis-grandes-cultures.hub.inrae.fr\">E<\/a><\/p>\n","protected":false},"excerpt":{"rendered":"<p>D\u00e9couvrez la d\u00e9marche FORCES, un outil pour valoriser les connaissances agro\u00e9cologiques Le 11 octobre 2024, de 14h \u00e0 15h30, l&rsquo;INRAE organise un webinaire pour pr\u00e9senter la d\u00e9marche FORCES, une initiative destin\u00e9e \u00e0 structurer et formaliser les connaissances issues des exp\u00e9rimentations en syst\u00e8mes de production agro\u00e9cologiques. La d\u00e9marche FORCES s&rsquo;adresse particuli\u00e8rement aux acteurs qui con\u00e7oivent et [&hellip;]<\/p>\n","protected":false},"author":5,"featured_media":11250,"comment_status":"closed","ping_status":"closed","sticky":false,"template":"","format":"standard","meta":{"footnotes":""},"categories":[3,13],"tags":[],"class_list":["post-11247","post","type-post","status-publish","format-standard","has-post-thumbnail","hentry","category-agenda-captages","category-agenda-fredon"],"_links":{"self":[{"href":"https:\/\/www.fredonoccitanie.com\/captages\/wp-json\/wp\/v2\/posts\/11247","targetHints":{"allow":["GET"]}}],"collection":[{"href":"https:\/\/www.fredonoccitanie.com\/captages\/wp-json\/wp\/v2\/posts"}],"about":[{"href":"https:\/\/www.fredonoccitanie.com\/captages\/wp-json\/wp\/v2\/types\/post"}],"author":[{"embeddable":true,"href":"https:\/\/www.fredonoccitanie.com\/captages\/wp-json\/wp\/v2\/users\/5"}],"replies":[{"embeddable":true,"href":"https:\/\/www.fredonoccitanie.com\/captages\/wp-json\/wp\/v2\/comments?post=11247"}],"version-history":[{"count":4,"href":"https:\/\/www.fredonoccitanie.com\/captages\/wp-json\/wp\/v2\/posts\/11247\/revisions"}],"predecessor-version":[{"id":11253,"href":"https:\/\/www.fredonoccitanie.com\/captages\/wp-json\/wp\/v2\/posts\/11247\/revisions\/11253"}],"wp:featuredmedia":[{"embeddable":true,"href":"https:\/\/www.fredonoccitanie.com\/captages\/wp-json\/wp\/v2\/media\/11250"}],"wp:attachment":[{"href":"https:\/\/www.fredonoccitanie.com\/captages\/wp-json\/wp\/v2\/media?parent=11247"}],"wp:term":[{"taxonomy":"category","embeddable":true,"href":"https:\/\/www.fredonoccitanie.com\/captages\/wp-json\/wp\/v2\/categories?post=11247"},{"taxonomy":"post_tag","embeddable":true,"href":"https:\/\/www.fredonoccitanie.com\/captages\/wp-json\/wp\/v2\/tags?post=11247"}],"curies":[{"name":"wp","href":"https:\/\/api.w.org\/{rel}","templated":true}]}}