{"id":11236,"date":"2024-09-19T09:16:26","date_gmt":"2024-09-19T07:16:26","guid":{"rendered":"https:\/\/www.fredonoccitanie.com\/captages\/?p=11236"},"modified":"2024-09-19T22:17:20","modified_gmt":"2024-09-19T20:17:20","slug":"webinaire-mardi-24-septembre-phytobiodiv-faites-de-la-biodiversite-une-alliee-en-milieu-agricole","status":"publish","type":"post","link":"https:\/\/www.fredonoccitanie.com\/captages\/2024\/09\/19\/webinaire-mardi-24-septembre-phytobiodiv-faites-de-la-biodiversite-une-alliee-en-milieu-agricole\/","title":{"rendered":"[Webinaire] Mardi 24 septembre &#8211; Phyto&#038;Biodiv : Faites de la biodiversit\u00e9 une alli\u00e9e en milieu agricole !"},"content":{"rendered":"<h4>Venez assister au Webinaire Phyto&amp;Biodiv \u00ab\u00a0Faites de la biodiversit\u00e9 une alli\u00e9e en milieu agricole !\u00a0\u00bb qui aura lieu le Mardi 24 septembre de 14h \u00e0 15h<\/h4>\n<p><strong>Focus sur des pratiques innovantes pour la r\u00e9duction des produits phytopharmaceutiques en Occitanie<\/strong><\/p>\n<p>Ce webinaire, organis\u00e9 par la DRAAF Occitanie, sera l\u2019occasion de pr\u00e9senter le fascicule Phyto&amp;Biodiv : un support de sensibilisation consistant \u00e0 valoriser des bonnes pratiques en mati\u00e8re de r\u00e9duction des produits phytopharmaceutiques et de pr\u00e9servation de la biodiversit\u00e9 sur le territoire d\u2019Occitanie, exp\u00e9riment\u00e9s notamment par des groupes DEPHY Ferme, Groupes 30 000, GIEE, d\u00e9marches captage, EPLEFPA\u2026<\/p>\n<p><a href=\"https:\/\/draaf.occitanie.agriculture.gouv.fr\/webinaire-phyto-biodiv-24-septembre-a9226.html\">Pour en savoir plus<\/a><\/p>\n<p><a href=\"https:\/\/events.teams.microsoft.com\/event\/cf16a47f-2124-4513-a083-cce0fa1075d8@e18a9197-027b-480a-aceb-0be5fdb42920\">Pour vous inscrire<\/a><\/p>\n","protected":false},"excerpt":{"rendered":"<p>Venez assister au Webinaire Phyto&amp;Biodiv \u00ab\u00a0Faites de la biodiversit\u00e9 une alli\u00e9e en milieu agricole !\u00a0\u00bb qui aura lieu le Mardi 24 septembre de 14h \u00e0 15h Focus sur des pratiques innovantes pour la r\u00e9duction des produits phytopharmaceutiques en Occitanie Ce webinaire, organis\u00e9 par la DRAAF Occitanie, sera l\u2019occasion de pr\u00e9senter le fascicule Phyto&amp;Biodiv : un [&hellip;]<\/p>\n","protected":false},"author":5,"featured_media":11237,"comment_status":"closed","ping_status":"closed","sticky":false,"template":"","format":"standard","meta":{"footnotes":""},"categories":[3,13,1],"tags":[],"class_list":["post-11236","post","type-post","status-publish","format-standard","has-post-thumbnail","hentry","category-agenda-captages","category-agenda-fredon","category-non-classe"],"_links":{"self":[{"href":"https:\/\/www.fredonoccitanie.com\/captages\/wp-json\/wp\/v2\/posts\/11236","targetHints":{"allow":["GET"]}}],"collection":[{"href":"https:\/\/www.fredonoccitanie.com\/captages\/wp-json\/wp\/v2\/posts"}],"about":[{"href":"https:\/\/www.fredonoccitanie.com\/captages\/wp-json\/wp\/v2\/types\/post"}],"author":[{"embeddable":true,"href":"https:\/\/www.fredonoccitanie.com\/captages\/wp-json\/wp\/v2\/users\/5"}],"replies":[{"embeddable":true,"href":"https:\/\/www.fredonoccitanie.com\/captages\/wp-json\/wp\/v2\/comments?post=11236"}],"version-history":[{"count":2,"href":"https:\/\/www.fredonoccitanie.com\/captages\/wp-json\/wp\/v2\/posts\/11236\/revisions"}],"predecessor-version":[{"id":11239,"href":"https:\/\/www.fredonoccitanie.com\/captages\/wp-json\/wp\/v2\/posts\/11236\/revisions\/11239"}],"wp:featuredmedia":[{"embeddable":true,"href":"https:\/\/www.fredonoccitanie.com\/captages\/wp-json\/wp\/v2\/media\/11237"}],"wp:attachment":[{"href":"https:\/\/www.fredonoccitanie.com\/captages\/wp-json\/wp\/v2\/media?parent=11236"}],"wp:term":[{"taxonomy":"category","embeddable":true,"href":"https:\/\/www.fredonoccitanie.com\/captages\/wp-json\/wp\/v2\/categories?post=11236"},{"taxonomy":"post_tag","embeddable":true,"href":"https:\/\/www.fredonoccitanie.com\/captages\/wp-json\/wp\/v2\/tags?post=11236"}],"curies":[{"name":"wp","href":"https:\/\/api.w.org\/{rel}","templated":true}]}}