{"id":11232,"date":"2024-09-09T09:03:34","date_gmt":"2024-09-09T07:03:34","guid":{"rendered":"https:\/\/www.fredonoccitanie.com\/captages\/?p=11232"},"modified":"2024-09-19T22:03:51","modified_gmt":"2024-09-19T20:03:51","slug":"webinaire-mardi-10-septembre-outils-des-safer-au-service-de-la-qualite-de-leau","status":"publish","type":"post","link":"https:\/\/www.fredonoccitanie.com\/captages\/2024\/09\/09\/webinaire-mardi-10-septembre-outils-des-safer-au-service-de-la-qualite-de-leau\/","title":{"rendered":"[Webinaire] Mardi 10 septembre &#8211; Outils des Safer au service de la qualit\u00e9 de l&rsquo;eau"},"content":{"rendered":"<p><strong>Nicolas Agresti<\/strong>, directeur des \u00e9tudes, et <strong>C\u00e9cile Lecoq<\/strong>, ing\u00e9nieure d\u2019\u00e9tudes, de la F\u00e9d\u00e9ration Nationale des Safer, pr\u00e9senteront les missions des Safer et les partenariats mis en place avec les gestionnaires de captages d&rsquo;eau potable. Ils d\u00e9tailleront les diff\u00e9rents outils des Safer pour accompagner les acteurs dans leurs strat\u00e9gies fonci\u00e8res : convention de veille fonci\u00e8re, animation fonci\u00e8re, stockage, cahiers des charges, etc.<\/p>\n<p><a href=\"https:\/\/cy8b2.r.sp1-brevo.net\/mk\/cl\/f\/sh\/1f8JIKXwHGZDuOjKhm2wwV2IJr\/VWcKK7dh2oDz\">Pour s&rsquo;inscrire<\/a><\/p>\n","protected":false},"excerpt":{"rendered":"<p>Nicolas Agresti, directeur des \u00e9tudes, et C\u00e9cile Lecoq, ing\u00e9nieure d\u2019\u00e9tudes, de la F\u00e9d\u00e9ration Nationale des Safer, pr\u00e9senteront les missions des Safer et les partenariats mis en place avec les gestionnaires de captages d&rsquo;eau potable. Ils d\u00e9tailleront les diff\u00e9rents outils des Safer pour accompagner les acteurs dans leurs strat\u00e9gies fonci\u00e8res : convention de veille fonci\u00e8re, animation [&hellip;]<\/p>\n","protected":false},"author":5,"featured_media":11233,"comment_status":"closed","ping_status":"closed","sticky":false,"template":"","format":"standard","meta":{"footnotes":""},"categories":[3,13],"tags":[],"class_list":["post-11232","post","type-post","status-publish","format-standard","has-post-thumbnail","hentry","category-agenda-captages","category-agenda-fredon"],"_links":{"self":[{"href":"https:\/\/www.fredonoccitanie.com\/captages\/wp-json\/wp\/v2\/posts\/11232","targetHints":{"allow":["GET"]}}],"collection":[{"href":"https:\/\/www.fredonoccitanie.com\/captages\/wp-json\/wp\/v2\/posts"}],"about":[{"href":"https:\/\/www.fredonoccitanie.com\/captages\/wp-json\/wp\/v2\/types\/post"}],"author":[{"embeddable":true,"href":"https:\/\/www.fredonoccitanie.com\/captages\/wp-json\/wp\/v2\/users\/5"}],"replies":[{"embeddable":true,"href":"https:\/\/www.fredonoccitanie.com\/captages\/wp-json\/wp\/v2\/comments?post=11232"}],"version-history":[{"count":2,"href":"https:\/\/www.fredonoccitanie.com\/captages\/wp-json\/wp\/v2\/posts\/11232\/revisions"}],"predecessor-version":[{"id":11235,"href":"https:\/\/www.fredonoccitanie.com\/captages\/wp-json\/wp\/v2\/posts\/11232\/revisions\/11235"}],"wp:featuredmedia":[{"embeddable":true,"href":"https:\/\/www.fredonoccitanie.com\/captages\/wp-json\/wp\/v2\/media\/11233"}],"wp:attachment":[{"href":"https:\/\/www.fredonoccitanie.com\/captages\/wp-json\/wp\/v2\/media?parent=11232"}],"wp:term":[{"taxonomy":"category","embeddable":true,"href":"https:\/\/www.fredonoccitanie.com\/captages\/wp-json\/wp\/v2\/categories?post=11232"},{"taxonomy":"post_tag","embeddable":true,"href":"https:\/\/www.fredonoccitanie.com\/captages\/wp-json\/wp\/v2\/tags?post=11232"}],"curies":[{"name":"wp","href":"https:\/\/api.w.org\/{rel}","templated":true}]}}