{"id":11198,"date":"2024-07-25T10:59:19","date_gmt":"2024-07-25T08:59:19","guid":{"rendered":"https:\/\/www.fredonoccitanie.com\/captages\/?p=11198"},"modified":"2024-09-10T11:16:11","modified_gmt":"2024-09-10T09:16:11","slug":"un-nouvel-outil-de-communication-pour-le-reseau-captages-deauccitanie-ouest","status":"publish","type":"post","link":"https:\/\/www.fredonoccitanie.com\/captages\/2024\/07\/25\/un-nouvel-outil-de-communication-pour-le-reseau-captages-deauccitanie-ouest\/","title":{"rendered":"Un nouvel outil de communication pour le r\u00e9seau Captages d&rsquo;Eauccitanie \u00ab\u00a0Ouest\u00a0\u00bb !"},"content":{"rendered":"<p style=\"text-align: center; font-size: 20px;\"><strong><span style=\"color: #d69709;\">Le R\u00e9seau <em>Captages<\/em> d&rsquo;Eau<em>ccitanie<\/em> \u00ab\u00a0Ouest\u00a0\u00bb (Bassin Adour-Garonne de la r\u00e9gion Occitanie) se dote d&rsquo;un flyer de pr\u00e9sentation !<br \/>\n<\/span><\/strong><\/p>\n<p style=\"text-align: center;\">Ce flyer, valid\u00e9 par l&rsquo;ensemble des partenaires pilotes et financeurs (DREAL, DRAAF Occitanie, ARS, AEAG, AERMC, R\u00e9gion Occitanie), est <strong>destin\u00e9 <\/strong><strong>\u00e0 l&rsquo;ensemble des acteurs de territoire impliqu\u00e9s dans une d\u00e9marche territoriale pr\u00e9ventive <\/strong>de pr\u00e9servation des eaux brutes servant \u00e0 l&rsquo;alimentation en eau potable et de lutte contre les pollutions diffuses essentiellement d&rsquo;origine agricole (nitrates et pesticides), en cours ou en \u00e9mergence, mais aussi <strong>aux agents des services et institutions d&rsquo;\u00c9tat travaillant sur ces sujets.<\/strong><\/p>\n<p style=\"text-align: center;\">Il a pour objectif de les <strong>informer de l&rsquo;existence de ce r\u00e9seau et de son r\u00f4le afin de les inciter \u00e0 le rejoindre ou \u00e0 en parler.<\/strong><\/p>\n<div class=\"post-entry post-entry-type-page post-entry-11115\">\n<div class=\"entry-content-wrapper clearfix\">\n<p><a href=\"https:\/\/www.fredonoccitanie.com\/jevi\/wp-content\/uploads\/sites\/2\/2024\/09\/Flyer-Captage_v2.pdf\"><img loading=\"lazy\" decoding=\"async\" class=\"wp-image-11191 aligncenter\" src=\"https:\/\/www.fredonoccitanie.com\/captages\/wp-content\/uploads\/sites\/3\/2024\/07\/flyer.png\" alt=\"\" width=\"655\" height=\"463\" srcset=\"https:\/\/www.fredonoccitanie.com\/captages\/wp-content\/uploads\/sites\/3\/2024\/07\/flyer.png 3500w, https:\/\/www.fredonoccitanie.com\/captages\/wp-content\/uploads\/sites\/3\/2024\/07\/flyer-300x212.png 300w, https:\/\/www.fredonoccitanie.com\/captages\/wp-content\/uploads\/sites\/3\/2024\/07\/flyer-1030x728.png 1030w, https:\/\/www.fredonoccitanie.com\/captages\/wp-content\/uploads\/sites\/3\/2024\/07\/flyer-768x543.png 768w, https:\/\/www.fredonoccitanie.com\/captages\/wp-content\/uploads\/sites\/3\/2024\/07\/flyer-1536x1086.png 1536w, https:\/\/www.fredonoccitanie.com\/captages\/wp-content\/uploads\/sites\/3\/2024\/07\/flyer-2048x1448.png 2048w, https:\/\/www.fredonoccitanie.com\/captages\/wp-content\/uploads\/sites\/3\/2024\/07\/flyer-1500x1061.png 1500w, https:\/\/www.fredonoccitanie.com\/captages\/wp-content\/uploads\/sites\/3\/2024\/07\/flyer-260x185.png 260w, https:\/\/www.fredonoccitanie.com\/captages\/wp-content\/uploads\/sites\/3\/2024\/07\/flyer-705x499.png 705w\" sizes=\"auto, (max-width: 655px) 100vw, 655px\" \/><\/a><\/p>\n<h3 style=\"text-align: center;\"><a href=\"https:\/\/www.fredonoccitanie.com\/jevi\/wp-content\/uploads\/sites\/2\/2024\/09\/Flyer-Captage_v2.pdf\" target=\"_blank\" rel=\"noopener\">T\u00e9l\u00e9charger le flyer ICI !<\/a><\/h3>\n<p style=\"text-align: center;\"><em>Pour tout usage en dehors d&rsquo;un usage personnel, merci de nous consulter !<\/em><\/p>\n<p style=\"text-align: center; font-size: 20px;\"><strong><span style=\"color: #d69709;\">Acc\u00e9dez \u00e0 la page de tous les outils de communication produit dans le cadre de l&rsquo;animation du r\u00e9seau <em>Captages<\/em> d&rsquo;Eau<em>ccitanie<\/em> <a href=\"https:\/\/www.fredonoccitanie.com\/captages\/bibliotheque-des-outils-captages-deauccitanie\/\" target=\"_blank\" rel=\"noopener\">ICI<\/a><br \/>\n<\/span><\/strong><\/p>\n<\/div>\n<\/div>\n","protected":false},"excerpt":{"rendered":"<p>Le R\u00e9seau Captages d&rsquo;Eauccitanie \u00ab\u00a0Ouest\u00a0\u00bb (Bassin Adour-Garonne de la r\u00e9gion Occitanie) se dote d&rsquo;un flyer de pr\u00e9sentation ! Ce flyer, valid\u00e9 par l&rsquo;ensemble des partenaires pilotes et financeurs (DREAL, DRAAF Occitanie, ARS, AEAG, AERMC, R\u00e9gion Occitanie), est destin\u00e9 \u00e0 l&rsquo;ensemble des acteurs de territoire impliqu\u00e9s dans une d\u00e9marche territoriale pr\u00e9ventive de pr\u00e9servation des eaux brutes [&hellip;]<\/p>\n","protected":false},"author":20,"featured_media":11205,"comment_status":"closed","ping_status":"closed","sticky":false,"template":"","format":"standard","meta":{"footnotes":""},"categories":[2],"tags":[],"class_list":["post-11198","post","type-post","status-publish","format-standard","has-post-thumbnail","hentry","category-actualites-captages"],"_links":{"self":[{"href":"https:\/\/www.fredonoccitanie.com\/captages\/wp-json\/wp\/v2\/posts\/11198","targetHints":{"allow":["GET"]}}],"collection":[{"href":"https:\/\/www.fredonoccitanie.com\/captages\/wp-json\/wp\/v2\/posts"}],"about":[{"href":"https:\/\/www.fredonoccitanie.com\/captages\/wp-json\/wp\/v2\/types\/post"}],"author":[{"embeddable":true,"href":"https:\/\/www.fredonoccitanie.com\/captages\/wp-json\/wp\/v2\/users\/20"}],"replies":[{"embeddable":true,"href":"https:\/\/www.fredonoccitanie.com\/captages\/wp-json\/wp\/v2\/comments?post=11198"}],"version-history":[{"count":5,"href":"https:\/\/www.fredonoccitanie.com\/captages\/wp-json\/wp\/v2\/posts\/11198\/revisions"}],"predecessor-version":[{"id":11219,"href":"https:\/\/www.fredonoccitanie.com\/captages\/wp-json\/wp\/v2\/posts\/11198\/revisions\/11219"}],"wp:featuredmedia":[{"embeddable":true,"href":"https:\/\/www.fredonoccitanie.com\/captages\/wp-json\/wp\/v2\/media\/11205"}],"wp:attachment":[{"href":"https:\/\/www.fredonoccitanie.com\/captages\/wp-json\/wp\/v2\/media?parent=11198"}],"wp:term":[{"taxonomy":"category","embeddable":true,"href":"https:\/\/www.fredonoccitanie.com\/captages\/wp-json\/wp\/v2\/categories?post=11198"},{"taxonomy":"post_tag","embeddable":true,"href":"https:\/\/www.fredonoccitanie.com\/captages\/wp-json\/wp\/v2\/tags?post=11198"}],"curies":[{"name":"wp","href":"https:\/\/api.w.org\/{rel}","templated":true}]}}