{"id":11115,"date":"2024-03-15T08:49:33","date_gmt":"2024-03-15T07:49:33","guid":{"rendered":"https:\/\/www.fredonoccitanie.com\/captages\/?p=11115"},"modified":"2024-03-18T08:54:24","modified_gmt":"2024-03-18T07:54:24","slug":"jamais-2-sans-3-le-siect-poursuit-son-action-de-preservation-de-la-qualite-de-leau-du-captage-de-cap-blanc","status":"publish","type":"post","link":"https:\/\/www.fredonoccitanie.com\/captages\/2024\/03\/15\/jamais-2-sans-3-le-siect-poursuit-son-action-de-preservation-de-la-qualite-de-leau-du-captage-de-cap-blanc\/","title":{"rendered":"Jamais 2 sans 3 : le SIECT poursuit son action de pr\u00e9servation de la qualit\u00e9 de l&rsquo;eau du captage de Cap Blanc !"},"content":{"rendered":"<p style=\"text-align: center;font-size: 20px\"><strong><span style=\"color: #d69709\">Le <a href=\"http:\/\/www.siect.fr\/\" target=\"_blank\" rel=\"noopener\">Syndicat intercommunal des eaux des coteaux du Touch<\/a> (SIECT), avec le soutien financier de l\u2019Agence de l\u2019eau Adour-Garonne et le soutien technique de la Chambre d\u00e9partementale d&rsquo;agriculture 31 et de FREDON Occitanie, a renouvel\u00e9 son plan d\u2019action territorial pour 5 ann\u00e9es suppl\u00e9mentaires. <\/span><\/strong><\/p>\n<div class=\"post-entry post-entry-type-page post-entry-11115\">\n<div class=\"entry-content-wrapper clearfix\">\n<p style=\"text-align: center\">Le captage de Cap Blanc (Lavelanet de Comminges, 31) est class\u00e9 <strong>prioritaire du fait de sa vuln\u00e9rabilit\u00e9 qualitative vis-\u00e0-vis des pollutions diffuses (nitrates et pesticides), et de sa localisation strat\u00e9gique<\/strong> \u00e9tant le seul captage du secteur alimentant 5 communes en eau potable.<\/p>\n<p style=\"text-align: center\">Dans un objectif de <strong>restauration et pr\u00e9servation de sa ressource<\/strong>, la R\u00e9gie Intercommunale d\u2019Eau et d\u2019Assainissement (RIEA) de Caz\u00e8res et Coulad\u00e8re, a port\u00e9 un premier <strong>Plan d\u2019action Territorial (PAT1), 2012 \u00e0 2016, poursuivi pour 5 ann\u00e9es de plus par un deuxi\u00e8me PAT (PAT2, 2017-2021).<\/strong><\/p>\n<p style=\"text-align: center\">Le SIECT, disposant de la comp\u00e9tence eau potable depuis 2019 et donc en charge de l\u2019animation de ce PAT2 depuis cette date, a <strong>souhait\u00e9 renouveler ce PAT pour 5 ann\u00e9es suppl\u00e9mentaires.<\/strong><\/p>\n<p><img loading=\"lazy\" decoding=\"async\" class=\"wp-image-11134 alignleft\" src=\"https:\/\/www.fredonoccitanie.com\/captages\/wp-content\/uploads\/sites\/3\/2024\/03\/Image1.png\" alt=\"\" width=\"369\" height=\"300\" srcset=\"https:\/\/www.fredonoccitanie.com\/captages\/wp-content\/uploads\/sites\/3\/2024\/03\/Image1.png 607w, https:\/\/www.fredonoccitanie.com\/captages\/wp-content\/uploads\/sites\/3\/2024\/03\/Image1-300x244.png 300w\" sizes=\"auto, (max-width: 369px) 100vw, 369px\" \/><\/p>\n<p style=\"text-align: left\"><strong>Apr\u00e8s 10 ann\u00e9es d\u2019animation<\/strong> marqu\u00e9e par des actions phares comme la sensibilisation des acteurs du territoire, l\u2019accompagnement au changement de pratiques des agriculteurs par la Chambre d\u00e9partementale d\u2019agriculture de la Haute-Garonne (CDA31) et, enfin l\u2019acquisition de 15ha dans le p\u00e9rim\u00e8tre de protection rapproch\u00e9 (PPR) du captage associ\u00e9 \u00e0 la mise en place de baux environnementaux, le <strong>SIECT a souhait\u00e9 renouveler une troisi\u00e8me fois son PAT.<\/strong><\/p>\n<p style=\"text-align: left\">En effet, m\u00eame si les deux d\u00e9marches pr\u00e9c\u00e9dentes pr\u00e9sentent des <strong>r\u00e9sultats positifs avec une am\u00e9lioration significative de la qualit\u00e9 de l\u2019eau du captages<\/strong> (baisse r\u00e9guli\u00e8res des concentrations en nitrates et absence de d\u00e9tection de produits phytosanitaires pertinents, notamment S-M\u00e9tolachlore et ses m\u00e9tabolites, et de d\u00e9passement du seuil des 50mg\/l pour les nitrates), gr\u00e2ce notamment \u00e0 tout le <strong>travail engag\u00e9 par les agriculteurs du territoire<\/strong>, il est important de <strong>poursuivre cette bonne dynamique<\/strong>.<\/p>\n<p style=\"text-align: left\">L\u2019objectif du PAT3 sera donc de conforter ces r\u00e9sultats en <strong>poursuivant la baisse des concentrations en nitrates en particulier pour l\u2019eau brute, en s\u2019inscrivant dans une protection p\u00e9renne de la ressource, et en investiguant\u00a0 les raisons de la diff\u00e9rence de concentration en nitrates entre le captages et le pi\u00e9zom\u00e8tre situ\u00e9 en amont du captage.<\/strong><\/p>\n<p style=\"text-align: left\">Pour r\u00e9pondre \u00e0 ces objectifs, le plan d\u2019actions a \u00e9t\u00e9 construit autour de quatre volets :<\/p>\n<ul>\n<li style=\"text-align: left\">R\u00e9duction des pollutions d\u2019origine agricole<\/li>\n<li style=\"text-align: left\">Poursuivre la sensibilisation et le suivi de l\u2019impact des pressions non agricoles<\/li>\n<li style=\"text-align: left\">Assurer un suivi de la qualit\u00e9 de la ressource<\/li>\n<li style=\"text-align: left\">Assurer l\u2019animation du PAT<\/li>\n<\/ul>\n<p>&nbsp;<\/p>\n<p style=\"font-size: 20px\"><strong><span style=\"color: #d69709\">Focus sur trois actions phares du ce PAT 3 !<\/span><\/strong><\/p>\n<h4>Approfondir la connaissance des facteurs de vuln\u00e9rabilit\u00e9s aux nitrates du PPR<\/h4>\n<p><strong>Un diagnostic approfondi des facteurs de vuln\u00e9rabilit\u00e9 du p\u00e9rim\u00e8tre de protection rapproch\u00e9 du captage aux nitrates sera r\u00e9alis\u00e9 en d\u00e9but de PAT3. Celui-ci aura pour objectif <\/strong>d\u2019investiguer les raisons de cette diff\u00e9rence de concentration entre le captage et le pi\u00e9zom\u00e8tre. Il permettra \u00e9galement d\u2019a<strong>ffiner le ciblage des actions de conseil et d\u2019acquisition fonci\u00e8re<\/strong>.<\/p>\n<h4>Poursuite de l\u2019accompagnement individuel des agriculteurs<\/h4>\n<p>Ce conseil individuel sera c<strong>entr\u00e9 sur les pratiques ayant un impact sur les nitrates<\/strong> et vise une prise en charge totale du co\u00fbt de r\u00e9alisation du Plan Pr\u00e9visionnel de Fumure (PPF) par la AEAG et le SIECT. Ce point constitue un des principaux freins identifi\u00e9s pour mobiliser les agriculteurs non engag\u00e9s dans la d\u00e9marche.<\/p>\n<p>En parall\u00e8le et afin de s&rsquo;inscrire dans une pr\u00e9servation p\u00e9renne de la ressource, les agriculteurs seront \u00e9galement <strong>accompagn\u00e9s dans la r\u00e9duction globale des usages de produits phytosanitaires<\/strong>, pour aller au-del\u00e0 du choix fait dans le PAT2 d&rsquo;axer le conseil sur la substitution du S-M\u00e9tolachlore.<\/p>\n<p>L\u2019objectif du SIECT et de la Chambre est de <strong>s\u2019approcher de 100% d\u2019agriculteurs professionnels ayant des parcelles sur l\u2019AAC suivis en conseil individuel. <\/strong>Pour cela, la\u00a0<strong> Chambre d\u2019agriculture va notamment augmenter les moyens humains<\/strong> d\u00e9di\u00e9es \u00e0 l\u2019accompagnement des agriculteurs de l\u2019AAC.<\/p>\n<p>L\u2019arriv\u00e9e de cette nouvelle \u00e9quipe de conseillers, ainsi que le renouvellement de ce PAT, sera l\u2019occasion de <strong>mettre en place une m\u00e9thode de suivi concert\u00e9e et structur\u00e9e des r\u00e9sultats du programme d\u2019actions<\/strong> notamment en termes d&rsquo;\u00e9volution des pratiques agricoles.<\/p>\n<h4>D\u00e9velopper une agriculture compatible avec la pr\u00e9servation de la qualit\u00e9 de l\u2019eau des captages sur les parcelles acquises par le syndicat<\/h4>\n<p><span id=\"hs_cos_wrapper_post_body\" class=\"hs_cos_wrapper hs_cos_wrapper_meta_field hs_cos_wrapper_type_rich_text\" data-hs-cos-general-type=\"meta_field\" data-hs-cos-type=\"rich_text\">\u00c0<\/span> ce jour, avec le soutien technique de la Safer Occitanie et financier de l&rsquo;Agence de l&rsquo;eau Adour-Garonne, le syndicat a <strong>acquis 15.5ha au sein du PPR<\/strong> dont l&rsquo;achat s&rsquo;accompagne d&rsquo;une mise en fermage sous bail environnemental et d&rsquo;un contrat de prestation de service.<\/p>\n<p>En parall\u00e8le de la poursuite de cette action d&rsquo;acquisition, <strong>le syndicat souhaite engager un travail pour identifier des activit\u00e9s agricoles non impactantes pour la qualit\u00e9 de l&rsquo;eau du captage. Un groupe de travail \u00ab\u00a0Devenir des parcelles acquises\u00a0\u00bb va alors \u00eatre mis en plac<\/strong>e. L&rsquo;objectif \u00e9tant d&rsquo;<strong>accompagner les exploitants agricoles vers des projets d&rsquo;agro\u00e9cologie pour allier maintien de l&rsquo;usage agricole de ces parcelles et pr\u00e9servation de la qualit\u00e9 de l&rsquo;eau du captage<\/strong>.<\/p>\n<p>Des \u00e9tudes \u00e0 la parcelle seront r\u00e9alis\u00e9es dans ce but et le choix final sur le type d\u2019agriculture qui sera mis en place se fera en concertation avec l\u2019exploitant en place.<\/p>\n<\/div>\n<\/div>\n<p><img loading=\"lazy\" decoding=\"async\" class=\"wp-image-11137 aligncenter\" src=\"https:\/\/www.fredonoccitanie.com\/captages\/wp-content\/uploads\/sites\/3\/2024\/03\/PAT.png\" alt=\"\" width=\"804\" height=\"321\" srcset=\"https:\/\/www.fredonoccitanie.com\/captages\/wp-content\/uploads\/sites\/3\/2024\/03\/PAT.png 3864w, https:\/\/www.fredonoccitanie.com\/captages\/wp-content\/uploads\/sites\/3\/2024\/03\/PAT-300x120.png 300w, https:\/\/www.fredonoccitanie.com\/captages\/wp-content\/uploads\/sites\/3\/2024\/03\/PAT-1030x411.png 1030w, https:\/\/www.fredonoccitanie.com\/captages\/wp-content\/uploads\/sites\/3\/2024\/03\/PAT-768x306.png 768w, https:\/\/www.fredonoccitanie.com\/captages\/wp-content\/uploads\/sites\/3\/2024\/03\/PAT-1536x613.png 1536w, https:\/\/www.fredonoccitanie.com\/captages\/wp-content\/uploads\/sites\/3\/2024\/03\/PAT-2048x817.png 2048w, https:\/\/www.fredonoccitanie.com\/captages\/wp-content\/uploads\/sites\/3\/2024\/03\/PAT-1500x598.png 1500w, https:\/\/www.fredonoccitanie.com\/captages\/wp-content\/uploads\/sites\/3\/2024\/03\/PAT-705x281.png 705w\" sizes=\"auto, (max-width: 804px) 100vw, 804px\" \/><\/p>\n<div class=\"post-entry post-entry-type-page post-entry-11115\">\n<div class=\"entry-content-wrapper clearfix\"><\/div>\n<\/div>\n<p><img loading=\"lazy\" decoding=\"async\" class=\" wp-image-11013 alignleft\" src=\"https:\/\/www.fredonoccitanie.com\/captages\/wp-content\/uploads\/sites\/3\/2024\/02\/captage_v2Plan-de-travail-1@3x-100.jpg\" alt=\"\" width=\"112\" height=\"78\" srcset=\"https:\/\/www.fredonoccitanie.com\/captages\/wp-content\/uploads\/sites\/3\/2024\/02\/captage_v2Plan-de-travail-1@3x-100.jpg 851w, https:\/\/www.fredonoccitanie.com\/captages\/wp-content\/uploads\/sites\/3\/2024\/02\/captage_v2Plan-de-travail-1@3x-100-300x210.jpg 300w, https:\/\/www.fredonoccitanie.com\/captages\/wp-content\/uploads\/sites\/3\/2024\/02\/captage_v2Plan-de-travail-1@3x-100-768x538.jpg 768w, https:\/\/www.fredonoccitanie.com\/captages\/wp-content\/uploads\/sites\/3\/2024\/02\/captage_v2Plan-de-travail-1@3x-100-845x596.jpg 845w, https:\/\/www.fredonoccitanie.com\/captages\/wp-content\/uploads\/sites\/3\/2024\/02\/captage_v2Plan-de-travail-1@3x-100-705x494.jpg 705w\" sizes=\"auto, (max-width: 112px) 100vw, 112px\" \/><img loading=\"lazy\" decoding=\"async\" class=\"wp-image-142 alignleft\" src=\"https:\/\/www.fredonoccitanie.com\/captages\/wp-content\/uploads\/sites\/3\/2021\/06\/AEAG-2021-eau-grand-sud-ouest-marianne-bloc-marque-400x174-1.jpg\" alt=\"\" width=\"161\" height=\"70\" srcset=\"https:\/\/www.fredonoccitanie.com\/captages\/wp-content\/uploads\/sites\/3\/2021\/06\/AEAG-2021-eau-grand-sud-ouest-marianne-bloc-marque-400x174-1.jpg 400w, https:\/\/www.fredonoccitanie.com\/captages\/wp-content\/uploads\/sites\/3\/2021\/06\/AEAG-2021-eau-grand-sud-ouest-marianne-bloc-marque-400x174-1-300x131.jpg 300w\" sizes=\"auto, (max-width: 161px) 100vw, 161px\" \/><img loading=\"lazy\" decoding=\"async\" class=\"wp-image-11140 alignleft\" src=\"https:\/\/www.fredonoccitanie.com\/captages\/wp-content\/uploads\/sites\/3\/2024\/03\/logo_ca_haute_garonne.jpg\" alt=\"\" width=\"79\" height=\"80\" srcset=\"https:\/\/www.fredonoccitanie.com\/captages\/wp-content\/uploads\/sites\/3\/2024\/03\/logo_ca_haute_garonne.jpg 1586w, https:\/\/www.fredonoccitanie.com\/captages\/wp-content\/uploads\/sites\/3\/2024\/03\/logo_ca_haute_garonne-296x300.jpg 296w, https:\/\/www.fredonoccitanie.com\/captages\/wp-content\/uploads\/sites\/3\/2024\/03\/logo_ca_haute_garonne-1015x1030.jpg 1015w, https:\/\/www.fredonoccitanie.com\/captages\/wp-content\/uploads\/sites\/3\/2024\/03\/logo_ca_haute_garonne-80x80.jpg 80w, https:\/\/www.fredonoccitanie.com\/captages\/wp-content\/uploads\/sites\/3\/2024\/03\/logo_ca_haute_garonne-768x779.jpg 768w, https:\/\/www.fredonoccitanie.com\/captages\/wp-content\/uploads\/sites\/3\/2024\/03\/logo_ca_haute_garonne-1514x1536.jpg 1514w, https:\/\/www.fredonoccitanie.com\/captages\/wp-content\/uploads\/sites\/3\/2024\/03\/logo_ca_haute_garonne-36x36.jpg 36w, https:\/\/www.fredonoccitanie.com\/captages\/wp-content\/uploads\/sites\/3\/2024\/03\/logo_ca_haute_garonne-180x180.jpg 180w, https:\/\/www.fredonoccitanie.com\/captages\/wp-content\/uploads\/sites\/3\/2024\/03\/logo_ca_haute_garonne-1479x1500.jpg 1479w, https:\/\/www.fredonoccitanie.com\/captages\/wp-content\/uploads\/sites\/3\/2024\/03\/logo_ca_haute_garonne-695x705.jpg 695w\" sizes=\"auto, (max-width: 79px) 100vw, 79px\" \/><\/p>\n","protected":false},"excerpt":{"rendered":"<p>Le Syndicat intercommunal des eaux des coteaux du Touch (SIECT), avec le soutien financier de l\u2019Agence de l\u2019eau Adour-Garonne et le soutien technique de la Chambre d\u00e9partementale d&rsquo;agriculture 31 et de FREDON Occitanie, a renouvel\u00e9 son plan d\u2019action territorial pour 5 ann\u00e9es suppl\u00e9mentaires. Le captage de Cap Blanc (Lavelanet de Comminges, 31) est class\u00e9 prioritaire [&hellip;]<\/p>\n","protected":false},"author":20,"featured_media":11139,"comment_status":"closed","ping_status":"closed","sticky":false,"template":"","format":"standard","meta":{"footnotes":""},"categories":[2],"tags":[],"class_list":["post-11115","post","type-post","status-publish","format-standard","has-post-thumbnail","hentry","category-actualites-captages"],"_links":{"self":[{"href":"https:\/\/www.fredonoccitanie.com\/captages\/wp-json\/wp\/v2\/posts\/11115","targetHints":{"allow":["GET"]}}],"collection":[{"href":"https:\/\/www.fredonoccitanie.com\/captages\/wp-json\/wp\/v2\/posts"}],"about":[{"href":"https:\/\/www.fredonoccitanie.com\/captages\/wp-json\/wp\/v2\/types\/post"}],"author":[{"embeddable":true,"href":"https:\/\/www.fredonoccitanie.com\/captages\/wp-json\/wp\/v2\/users\/20"}],"replies":[{"embeddable":true,"href":"https:\/\/www.fredonoccitanie.com\/captages\/wp-json\/wp\/v2\/comments?post=11115"}],"version-history":[{"count":5,"href":"https:\/\/www.fredonoccitanie.com\/captages\/wp-json\/wp\/v2\/posts\/11115\/revisions"}],"predecessor-version":[{"id":11161,"href":"https:\/\/www.fredonoccitanie.com\/captages\/wp-json\/wp\/v2\/posts\/11115\/revisions\/11161"}],"wp:featuredmedia":[{"embeddable":true,"href":"https:\/\/www.fredonoccitanie.com\/captages\/wp-json\/wp\/v2\/media\/11139"}],"wp:attachment":[{"href":"https:\/\/www.fredonoccitanie.com\/captages\/wp-json\/wp\/v2\/media?parent=11115"}],"wp:term":[{"taxonomy":"category","embeddable":true,"href":"https:\/\/www.fredonoccitanie.com\/captages\/wp-json\/wp\/v2\/categories?post=11115"},{"taxonomy":"post_tag","embeddable":true,"href":"https:\/\/www.fredonoccitanie.com\/captages\/wp-json\/wp\/v2\/tags?post=11115"}],"curies":[{"name":"wp","href":"https:\/\/api.w.org\/{rel}","templated":true}]}}