{"id":10747,"date":"2023-06-07T11:59:17","date_gmt":"2023-06-07T09:59:17","guid":{"rendered":"https:\/\/www.fredonoccitanie.com\/captages\/?p=10747"},"modified":"2023-06-07T12:00:15","modified_gmt":"2023-06-07T10:00:15","slug":"20-juillet-2023-salon-au-champs-vini-viti-vici-au-vinnopole-sud-ouest-a-peyrole-81","status":"publish","type":"post","link":"https:\/\/www.fredonoccitanie.com\/captages\/2023\/06\/07\/20-juillet-2023-salon-au-champs-vini-viti-vici-au-vinnopole-sud-ouest-a-peyrole-81\/","title":{"rendered":"20 juillet 2023 : Salon \u00ab au champs \u00bb Vini Viti Vici au V\u2019Innop\u00f4le Sud-Ouest \u00e0 Peyrole (81)"},"content":{"rendered":"<h5 style=\"text-align: center\">L\u2019IFV Sud-Ouest, Agri Sud-Ouest Innovation et Vinseo organise <strong>la 2<sup>\u00e8me<\/sup> \u00e9dition de ce salon de d\u00e9monstration terrain destin\u00e9 \u00e0 l\u2019innovation en viticulture<\/strong>.<\/h5>\r\n<p style=\"text-align: center\"><strong>\u00e0 Peyrole (81)<br \/><\/strong><\/p>\r\n<p style=\"text-align: center\">Des d\u00e9monstrations aux champs et des flash conf\u00e9rences ponctueront cette journ\u00e9e.<\/p>\r\n<p style=\"text-align: center\">\u00a0<\/p>\r\n<p style=\"text-align: center\">Journ\u00e9e gratuit et sur inscription.<\/p>\r\n<p style=\"text-align: center\"><strong><a href=\"https:\/\/portail.agrisudouest.com\/event\/salon-viti-vini-vici-2eme-edition-exposez-votre-solution-pour-la-viticulture-durable-2023-07-20-2339\/register\" target=\"_blank\" rel=\"noopener\">En savoir plus ici<\/a><\/strong><\/p>\r\n<p style=\"text-align: center\"><span data-contrast=\"auto\"><!-- \/wp:post-content -->\r\n\r\n<!-- wp:buttons {\"align\":\"center\"} --><\/span><\/p>\r\n<div class=\"wp-block-buttons aligncenter\" style=\"text-align: center\">\r\n<p class=\"wp-block-button is-style-fill\"><a href=\"https:\/\/www.billetweb.fr\/salon-vini-viti-vici\" target=\"_blank\" rel=\"noopener\"><b>S&rsquo;inscrire au salon<\/b><\/a><\/p>\r\n<\/div>\r\n<p class=\"has-white-color has-text-color\"><img loading=\"lazy\" decoding=\"async\" class=\"wp-image-10748  aligncenter\" src=\"https:\/\/www.fredonoccitanie.com\/captages\/wp-content\/uploads\/sites\/3\/2023\/06\/BANNIERE-AGENDA-300x171.png\" alt=\"\" width=\"444\" height=\"253\" srcset=\"https:\/\/www.fredonoccitanie.com\/captages\/wp-content\/uploads\/sites\/3\/2023\/06\/BANNIERE-AGENDA-300x171.png 300w, https:\/\/www.fredonoccitanie.com\/captages\/wp-content\/uploads\/sites\/3\/2023\/06\/BANNIERE-AGENDA-1030x588.png 1030w, https:\/\/www.fredonoccitanie.com\/captages\/wp-content\/uploads\/sites\/3\/2023\/06\/BANNIERE-AGENDA-768x439.png 768w, https:\/\/www.fredonoccitanie.com\/captages\/wp-content\/uploads\/sites\/3\/2023\/06\/BANNIERE-AGENDA-1536x878.png 1536w, https:\/\/www.fredonoccitanie.com\/captages\/wp-content\/uploads\/sites\/3\/2023\/06\/BANNIERE-AGENDA-1500x857.png 1500w, https:\/\/www.fredonoccitanie.com\/captages\/wp-content\/uploads\/sites\/3\/2023\/06\/BANNIERE-AGENDA-705x403.png 705w, https:\/\/www.fredonoccitanie.com\/captages\/wp-content\/uploads\/sites\/3\/2023\/06\/BANNIERE-AGENDA.png 1920w\" sizes=\"auto, (max-width: 444px) 100vw, 444px\" \/><\/p>\r\n<p><span data-contrast=\"auto\"><!-- \/wp:buttons -->\r\n\r\n<!-- wp:paragraph --><\/span><\/p>\r\n<p>&nbsp;<\/p>\r\n<p>&nbsp;<\/p>\r\n<p>Source et cr\u00e9dit image : (c) <a href=\"https:\/\/agrisudouest.com\/\" target=\"_blank\" rel=\"noopener\">Agri Sud-Ouest Innovation<\/a><\/p>","protected":false},"excerpt":{"rendered":"<p>L\u2019IFV Sud-Ouest, Agri Sud-Ouest Innovation et Vinseo organise la 2\u00e8me \u00e9dition de ce salon de d\u00e9monstration terrain destin\u00e9 \u00e0 l\u2019innovation en viticulture. \u00e0 Peyrole (81) Des d\u00e9monstrations aux champs et des flash conf\u00e9rences ponctueront cette journ\u00e9e. \u00a0 Journ\u00e9e gratuit et sur inscription. En savoir plus ici S&rsquo;inscrire au salon &nbsp; &nbsp; Source et cr\u00e9dit image [&hellip;]<\/p>\n","protected":false},"author":20,"featured_media":10748,"comment_status":"closed","ping_status":"closed","sticky":false,"template":"","format":"standard","meta":{"footnotes":""},"categories":[3,13],"tags":[],"class_list":["post-10747","post","type-post","status-publish","format-standard","has-post-thumbnail","hentry","category-agenda-captages","category-agenda-fredon"],"_links":{"self":[{"href":"https:\/\/www.fredonoccitanie.com\/captages\/wp-json\/wp\/v2\/posts\/10747","targetHints":{"allow":["GET"]}}],"collection":[{"href":"https:\/\/www.fredonoccitanie.com\/captages\/wp-json\/wp\/v2\/posts"}],"about":[{"href":"https:\/\/www.fredonoccitanie.com\/captages\/wp-json\/wp\/v2\/types\/post"}],"author":[{"embeddable":true,"href":"https:\/\/www.fredonoccitanie.com\/captages\/wp-json\/wp\/v2\/users\/20"}],"replies":[{"embeddable":true,"href":"https:\/\/www.fredonoccitanie.com\/captages\/wp-json\/wp\/v2\/comments?post=10747"}],"version-history":[{"count":4,"href":"https:\/\/www.fredonoccitanie.com\/captages\/wp-json\/wp\/v2\/posts\/10747\/revisions"}],"predecessor-version":[{"id":10751,"href":"https:\/\/www.fredonoccitanie.com\/captages\/wp-json\/wp\/v2\/posts\/10747\/revisions\/10751"}],"wp:featuredmedia":[{"embeddable":true,"href":"https:\/\/www.fredonoccitanie.com\/captages\/wp-json\/wp\/v2\/media\/10748"}],"wp:attachment":[{"href":"https:\/\/www.fredonoccitanie.com\/captages\/wp-json\/wp\/v2\/media?parent=10747"}],"wp:term":[{"taxonomy":"category","embeddable":true,"href":"https:\/\/www.fredonoccitanie.com\/captages\/wp-json\/wp\/v2\/categories?post=10747"},{"taxonomy":"post_tag","embeddable":true,"href":"https:\/\/www.fredonoccitanie.com\/captages\/wp-json\/wp\/v2\/tags?post=10747"}],"curies":[{"name":"wp","href":"https:\/\/api.w.org\/{rel}","templated":true}]}}