{"id":10350,"date":"2023-03-08T15:55:02","date_gmt":"2023-03-08T14:55:02","guid":{"rendered":"https:\/\/www.fredonoccitanie.com\/captages\/?p=10350"},"modified":"2023-03-20T10:04:51","modified_gmt":"2023-03-20T09:04:51","slug":"14-fevrier-2023-evenement-de-lancement-de-la-charte-regionale-engage-pour-le-vegetal","status":"publish","type":"post","link":"https:\/\/www.fredonoccitanie.com\/captages\/2023\/03\/08\/14-fevrier-2023-evenement-de-lancement-de-la-charte-regionale-engage-pour-le-vegetal\/","title":{"rendered":"JEVI : la nouvelle charte r\u00e9gionale Engag\u00e9 pour le v\u00e9g\u00e9tal \u00e0 l&rsquo;attention des gestionnaires est lanc\u00e9e !"},"content":{"rendered":"<h2 style=\"text-align: center\"><span class=\"TextRun SCXW109045689 BCX2\" lang=\"FR-FR\" xml:lang=\"FR-FR\" data-contrast=\"auto\"><span class=\"NormalTextRun SCXW109045689 BCX2\">Retour sur un lancement partenarial !<\/span><\/span><\/h2>\n<p>&nbsp;<\/p>\n<p><strong>Tout comme l&rsquo;\u00e9taient les chartes r\u00e9gionales \u00ab\u00a0Z\u00e9ro Phyto\u00a0\u00bb, la charte Engag\u00e9 pour le v\u00e9g\u00e9tal est un outil dont peuvent se saisir les gestionnaires JEVI pr\u00e9sents sur les Aires d&rsquo;alimentation de captage (AAC) pour s&rsquo;engager dans une gestion \u00e9cologique des espaces, respectueuse des enjeux eau (entre autres).\u00a0L&rsquo;accompagnement des gestionnaires est assur\u00e9 par la <a href=\"https:\/\/www.fredonoccitanie.com\/jevi\/\">mission JEVI anim\u00e9e FREDON Occitanie<\/a>. Les animateurs captages et leurs partenaires sont ainsi invit\u00e9s \u00e0 relayer l&rsquo;information aupr\u00e8s des gestionnaires sur les AAC pour b\u00e9n\u00e9ficier de ce nouvel outil dont s&rsquo;est dot\u00e9 la r\u00e9gion Occitanie !<\/strong><\/p>\n<p>&nbsp;<\/p>\n<p>Le 14 f\u00e9vrier dernier cette nouvelle charte r\u00e9gionale \u00e9tait officiellement lanc\u00e9e \u00e0 Castelnaudary (11) ! La journ\u00e9e de lancement a r\u00e9uni 70 participants, gestionnaires JEVI, partenaires institutionnels et techniques, autour d\u2019une volont\u00e9 commune\u202f: s\u2019engager pour le v\u00e9g\u00e9tal\u202f!<\/p>\n<p>&nbsp;<\/p>\n<p><img loading=\"lazy\" decoding=\"async\" class=\"size-full wp-image-11683 aligncenter\" src=\"https:\/\/www.fredonoccitanie.com\/jevi\/wp-content\/uploads\/sites\/2\/2023\/02\/decouverte_panneau.jpg\" alt=\"\" width=\"620\" height=\"409\" \/><\/p>\n<p><span data-ccp-props=\"{&quot;201341983&quot;:0,&quot;335559739&quot;:160,&quot;335559740&quot;:259}\">\u00a0<\/span><\/p>\n<h2><span data-contrast=\"auto\">Transition vers un nouveau dispositif r\u00e9gional<\/span><span data-ccp-props=\"{&quot;201341983&quot;:0,&quot;335559739&quot;:160,&quot;335559740&quot;:259}\">\u00a0<\/span><\/h2>\n<p><em>Ev\u00e8nement de lancement en pr\u00e9sence de M. le maire de Castelnaudary, <\/em><strong><em>Patrick MAUGARD, <\/em><\/strong><em>son adjointe en charge du D\u00e9veloppement Durable,<strong> Evelyne GUILHEM,<\/strong> Mme la vice-pr\u00e9sidente de la R\u00e9gion Occitanie \/ Pyr\u00e9n\u00e9es M\u00e9diterran\u00e9e, <strong>Agn\u00e8s LANGEVINE,<\/strong> et le Pr\u00e9sident de FREDON Occitanie, <strong>Philippe PALEZY<\/strong> ainsi que les<strong> partenaires financiers et technique<\/strong> de FREDON Occitanie.<\/em><\/p>\n<p>Cette re-naissance intervient la m\u00eame ann\u00e9e qu\u2019un anniversaire : cela fait 10 ans que nos partenaires (Agence de l\u2019eau, R\u00e9gion et services d\u00e9concentr\u00e9s de l\u2019\u00c9tat) ont confi\u00e9 \u00e0 FREDON Occitanie la mission d\u2019accompagner les collectivit\u00e9s mais aussi d\u2019autres gestionnaires non agricoles dans leur transition. Les animateurs, Cl\u00e9ment, Camille, Florie et Florian ont guid\u00e9s les gestionnaires sur les Plans de d\u00e9sherbage, des PAPPH, et bien s\u00fbr, la charte \u00ab Objectif Z\u00e9ro Phyto \u00bb.<\/p>\n<p>Des conseils et un accompagnement s\u00e9rieux ont permis d\u2019engager, de mobiliser des acteurs dans toute la r\u00e9gion, tout en leur fournissant toutes les ressources techniques possibles.<\/p>\n<p><strong>\u00ab\u00a0Cette r\u00e9ussite, nous engage et nous oblige vis-\u00e0-vis de ce grand r\u00e9seau r\u00e9gional\u00a0\u00bb.<\/strong><\/p>\n<p>Apr\u00e8s un an de travail de transition, appara\u00eet aujourd\u2019hui l\u2019\u00e9vidence : l&rsquo;exp\u00e9rience acquise au c\u00f4t\u00e9 des gestionnaires renforc\u00e9 la conviction que s\u2019il existe une alternative durable aux produits phytosanitaires dans les Jardins Espaces Verts et Infrastructure, c\u2019est bien le<strong> VEGETAL\u00a0!<\/strong><\/p>\n<ul>\n<li>Un v\u00e9g\u00e9tal dans des espaces o\u00f9 l\u2019habitude \u00e9tait de d\u00e9sherber<\/li>\n<li>Un v\u00e9g\u00e9tal en bonne sant\u00e9, bien implant\u00e9 et avec des techniques d\u2019entretien adapt\u00e9es<\/li>\n<li>Un v\u00e9g\u00e9tal enracin\u00e9 en pleine terre et coh\u00e9rent dans son paysage<\/li>\n<li>Un v\u00e9g\u00e9tal ressource de biodiversit\u00e9, ressource de tr\u00e9sors verts et non plus de d\u00e9chets verts<\/li>\n<li>Un v\u00e9g\u00e9tal au centre des d\u00e9fis d\u2019aujourd\u2019hui et de demain\u00a0: verdissement des espaces de vie, sant\u00e9 des plantes, sant\u00e9 de notre environnement, \u00e9conomies d\u2019eau, d\u00e9simperm\u00e9abilisation des sols, r\u00e9duction des pollutions en pesticides, engrais, plastiques, d\u00e9fi climatique.<\/li>\n<\/ul>\n<p>Ce sera donc autour du v\u00e9g\u00e9tal, au c\u0153ur de l\u2019expertise du r\u00e9seau FREDON, que la \u00ab nouvelle \u00bb charte, ainsi nomm\u00e9e <strong>\u00ab Engag\u00e9 pour le v\u00e9g\u00e9tal \u00bb<\/strong>,\u00a0accompagnera d\u00e9sormais les gestionnaires autour de <strong>12 grands engagements.<\/strong><\/p>\n<p>Pour ce faire, la mission JEVI anim\u00e9e par FREDON Occitanie b\u00e9n\u00e9ficie du soutien de plusieurs partenaires financiers :<\/p>\n<ul>\n<li>Les services d\u00e9concentr\u00e9s de l\u2019Etat : DRAAF et ARS<\/li>\n<li>La r\u00e9gion Occitanie<\/li>\n<li>L\u2019agence de l\u2019eau Adour-Garonne<\/li>\n<li>L\u2019agence de l\u2019eau Rh\u00f4ne M\u00e9diterran\u00e9e Corse<\/li>\n<li>L\u2019Office Fran\u00e7ais pour la Biodiversit\u00e9<\/li>\n<\/ul>\n<p>Ainsi que de partenaires techniques.<\/p>\n<p style=\"text-align: center\"><strong>C\u2019est collectivement que nous nous engageons pour le v\u00e9g\u00e9tal !<\/strong><\/p>\n<div id=\"attachment_11685\" style=\"width: 630px\" class=\"wp-caption aligncenter\"><img loading=\"lazy\" decoding=\"async\" aria-describedby=\"caption-attachment-11685\" class=\"wp-image-11685\" src=\"https:\/\/www.fredonoccitanie.com\/jevi\/wp-content\/uploads\/sites\/2\/2023\/02\/2_lancement-scaled.jpg\" alt=\"\" width=\"620\" height=\"349\" \/><p id=\"caption-attachment-11685\" class=\"wp-caption-text\">Ev\u00e8nement de lancement \u00e0 Castelnaudary (11)<\/p><\/div>\n<h3><\/h3>\n<h3><\/h3>\n<h3><span data-contrast=\"auto\">Au programme de la journ\u00e9e de lancement\u00a0<\/span><span data-ccp-props=\"{&quot;201341983&quot;:0,&quot;335559739&quot;:160,&quot;335559740&quot;:259}\">\u00a0<\/span><\/h3>\n<p><span data-contrast=\"auto\">\ud83d\udc38 Echanges en salle et inauguration du nouveau visuel<\/span><br \/>\n<span data-contrast=\"auto\">\ud83c\udf31 Visite du cimeti\u00e8re en cours d&rsquo;enherbement et de v\u00e9g\u00e9talisation avec les services techniques de la ville de Castelnaudary (11)<\/span><br \/>\n<span data-contrast=\"auto\">\ud83c\udf43 Pr\u00e9sentation des 12 engagements cl\u00e9s de la charte<\/span><\/p>\n<p><a href=\"https:\/\/fredonoccitanie189-my.sharepoint.com\/:p:\/g\/personal\/emiliealgans_fredonoccitanie189_onmicrosoft_com\/EWwfh40j3aJHi-Xf923rDTsBhpz_1c6XWwqfGc6iBHxBDw?e=42yadH\">T\u00e9l\u00e9charger le programme<\/a><\/p>\n<p><span data-ccp-props=\"{&quot;201341983&quot;:0,&quot;335559739&quot;:160,&quot;335559740&quot;:259}\">\u00a0\u00a0<\/span><\/p>\n<p><img loading=\"lazy\" decoding=\"async\" class=\"wp-image-11702 aligncenter\" src=\"https:\/\/www.fredonoccitanie.com\/jevi\/wp-content\/uploads\/sites\/2\/2023\/02\/4_lancement-scaled.jpg\" alt=\"\" width=\"603\" height=\"339\" \/><\/p>\n<p>&nbsp;<\/p>\n<h2><span data-contrast=\"auto\">Une nouvelle charte pour 12 eng<\/span><span data-contrast=\"auto\">agements<\/span><span data-ccp-props=\"{&quot;201341983&quot;:0,&quot;335559739&quot;:160,&quot;335559740&quot;:259}\">\u00a0<\/span><\/h2>\n<p><strong>12 engagements cl\u00e9s<\/strong> se placent au c\u0153ur de cette nouvelle charte et sont centr\u00e9s sur les pratiques op\u00e9rationnelles des gestionnaires.<\/p>\n<p><strong>1 objectif commun pour<\/strong>, au-del\u00e0 du Z\u00e9ro Phyto, d\u00e9velopper des solutions alternatives p\u00e9rennes avec le v\u00e9g\u00e9tal comme alli\u00e9.<\/p>\n<p><strong>1 message adress\u00e9 aux gestionnaires\u202f: \u00a0<\/strong><\/p>\n<h5 style=\"text-align: center\">\ud83c\udf3fENGAGEZ-VOUS POUR LE V\u00c9G\u00c9TAL !<br \/>\n\ud83c\udf3fENGATJATZ-VOS PEL VEGETAL !<br \/>\n\ud83c\udf3fCOMPROMETEU-VOS AMB EL VEGETAL !<\/h5>\n<p>&nbsp;<\/p>\n<h3 style=\"text-align: center\"><span data-contrast=\"none\"><a href=\"https:\/\/www.fredonoccitanie.com\/jevi\/2023\/03\/16\/charte-engage-pour-le-vegetal-les-candidature-sont-officiellement-ouvertes\/\">Appel \u00e0 candidatures annuel ouvert et accessible ici<\/a> \u202f!<\/span><span data-ccp-props=\"{&quot;201341983&quot;:0,&quot;335559739&quot;:160,&quot;335559740&quot;:259}\">\u00a0<\/span><\/h3>\n<p style=\"text-align: center\">Il sera transmis aux animateurs captages pour diffusion sur les AAC !<\/p>\n<p>&nbsp;<\/p>\n<p style=\"text-align: center\"><strong>Pour en savoir plus, d\u00e9couvrez<a href=\"https:\/\/www.fredonoccitanie.com\/jevi\/charte-regionale-engage-pour-le-vegetal\/\"> la nouvelle page d\u00e9di\u00e9e ici\u202f<\/a><\/strong><\/p>\n<p style=\"text-align: center\"><strong><a href=\"https:\/\/espace.ressources-fredonoccitanie.com\/index.php\/s\/xcLtDySXEAgHQRQ\">D\u00c9COUVREZ ICI LA BROCHURE D\u2019INFORMATION<\/a>\u00a0<\/strong><\/p>\n<p><span data-ccp-props=\"{&quot;201341983&quot;:0,&quot;335559739&quot;:160,&quot;335559740&quot;:259}\">\u00a0<\/span><\/p>\n<p><span data-ccp-props=\"{&quot;201341983&quot;:0,&quot;335559739&quot;:160,&quot;335559740&quot;:259}\">\u00a0<\/span><\/p>\n<p>Source : <a href=\"https:\/\/www.fredonoccitanie.com\/jevi\/\">FREDON Occitanie &#8211; mission JEVI<\/a><\/p>\n","protected":false},"excerpt":{"rendered":"<p>Retour sur un lancement partenarial ! &nbsp; Tout comme l&rsquo;\u00e9taient les chartes r\u00e9gionales \u00ab\u00a0Z\u00e9ro Phyto\u00a0\u00bb, la charte Engag\u00e9 pour le v\u00e9g\u00e9tal est un outil dont peuvent se saisir les gestionnaires JEVI pr\u00e9sents sur les Aires d&rsquo;alimentation de captage (AAC) pour s&rsquo;engager dans une gestion \u00e9cologique des espaces, respectueuse des enjeux eau (entre autres).\u00a0L&rsquo;accompagnement des gestionnaires [&hellip;]<\/p>\n","protected":false},"author":5,"featured_media":10352,"comment_status":"closed","ping_status":"closed","sticky":false,"template":"","format":"standard","meta":{"footnotes":""},"categories":[2],"tags":[],"class_list":["post-10350","post","type-post","status-publish","format-standard","has-post-thumbnail","hentry","category-actualites-captages"],"_links":{"self":[{"href":"https:\/\/www.fredonoccitanie.com\/captages\/wp-json\/wp\/v2\/posts\/10350","targetHints":{"allow":["GET"]}}],"collection":[{"href":"https:\/\/www.fredonoccitanie.com\/captages\/wp-json\/wp\/v2\/posts"}],"about":[{"href":"https:\/\/www.fredonoccitanie.com\/captages\/wp-json\/wp\/v2\/types\/post"}],"author":[{"embeddable":true,"href":"https:\/\/www.fredonoccitanie.com\/captages\/wp-json\/wp\/v2\/users\/5"}],"replies":[{"embeddable":true,"href":"https:\/\/www.fredonoccitanie.com\/captages\/wp-json\/wp\/v2\/comments?post=10350"}],"version-history":[{"count":5,"href":"https:\/\/www.fredonoccitanie.com\/captages\/wp-json\/wp\/v2\/posts\/10350\/revisions"}],"predecessor-version":[{"id":10618,"href":"https:\/\/www.fredonoccitanie.com\/captages\/wp-json\/wp\/v2\/posts\/10350\/revisions\/10618"}],"wp:featuredmedia":[{"embeddable":true,"href":"https:\/\/www.fredonoccitanie.com\/captages\/wp-json\/wp\/v2\/media\/10352"}],"wp:attachment":[{"href":"https:\/\/www.fredonoccitanie.com\/captages\/wp-json\/wp\/v2\/media?parent=10350"}],"wp:term":[{"taxonomy":"category","embeddable":true,"href":"https:\/\/www.fredonoccitanie.com\/captages\/wp-json\/wp\/v2\/categories?post=10350"},{"taxonomy":"post_tag","embeddable":true,"href":"https:\/\/www.fredonoccitanie.com\/captages\/wp-json\/wp\/v2\/tags?post=10350"}],"curies":[{"name":"wp","href":"https:\/\/api.w.org\/{rel}","templated":true}]}}