{"id":10256,"date":"2023-01-19T10:50:01","date_gmt":"2023-01-19T09:50:01","guid":{"rendered":"https:\/\/www.fredonoccitanie.com\/captages\/?p=10256"},"modified":"2023-03-23T12:03:46","modified_gmt":"2023-03-23T11:03:46","slug":"lambroisie-une-adventice-a-garder-dans-le-viseur-pour-les-agriculteurs","status":"publish","type":"post","link":"https:\/\/www.fredonoccitanie.com\/captages\/2023\/01\/19\/lambroisie-une-adventice-a-garder-dans-le-viseur-pour-les-agriculteurs\/","title":{"rendered":"L\u2019ambroisie, une adventice \u00e0 garder dans le viseur pour les agriculteurs !"},"content":{"rendered":"<h3 style=\"text-align: center\">Comment lutter contre cette plante envahissante et allerg\u00e8ne&#8230; tout en pr\u00e9servant l&rsquo;environnement ?<\/h3>\n<p><!--{cke_protected}{C}%3C!%2D%2D%20%2Fwp%3Aheading%20%2D%2D%3E--><!--{cke_protected}{C}%3C!%2D%2D%20wp%3Aparagraph%20%2D%2D%3E--><\/p>\n<p>&nbsp;<\/p>\n<p style=\"text-align: center\"><strong>La r\u00e9duction des pollutions diffuses li\u00e9e \u00e0 la gestion des adventices est un axe de travail majeur des d\u00e9marches de protection de la qualit\u00e9 de l\u2019eau sur les aires d\u2019alimentation de captages. <\/strong><strong>La palette des outils mobilisables par les agriculteurs est vari\u00e9e, allant des op\u00e9rations de d\u00e9sherbage m\u00e9canique au maintien de couverts v\u00e9g\u00e9taux. <\/strong><strong>Xanthium, datura, ambroisies\u2026 certaines adventices sont particuli\u00e8rement envahissantes, avec d&rsquo;importantes cons\u00e9quences ! <\/strong><\/p>\n<p style=\"text-align: center\"><strong>Focus aujourd\u2019hui sur les ambroisies et les modes de gestion existants.<\/strong><\/p>\n<p>&nbsp;<\/p>\n<p>&nbsp;<\/p>\n<h4>L\u2019ambroisie ou les ambroisies\u00a0?<\/h4>\n<p>Si dans le langage courant nous avons tendance \u00e0 \u00e9voquer \u00ab\u00a0l\u2019ambroisie\u00a0\u00bb, c\u2019est bel et bien <strong>\u00ab\u00a0des ambroisies\u00a0\u00bb <\/strong>que nous devrions parler\u00a0!<\/p>\n<p style=\"text-align: left\">Elles sont 3 \u00e0 avoir \u00e9t\u00e9 identifi\u00e9es en Occitanie\u00a0:<\/p>\n<ul>\n<li style=\"list-style-type: none\">\n<ul>\n<li style=\"text-align: left\"><strong>Ambroisie \u00e0 feuilles d\u2019armoise\u00a0<\/strong>(<em>Ambrosia artemisiifolia L.)<\/em><\/li>\n<li style=\"text-align: left\"><strong>Ambroisie trifide\u00a0<\/strong><em>(Ambrosia trifida L.)<\/em><\/li>\n<li style=\"text-align: left\"><strong>Ambroisie \u00e0 \u00e9pis lisses\u00a0<\/strong><em>(Ambrosia psilostachva DC.)<\/em><\/li>\n<\/ul>\n<\/li>\n<\/ul>\n<p><a href=\"https:\/\/www.fredonoccitanie.com\/ambroisies\/phototheque\/\">Toutes trois<\/a> sont <strong>extr\u00eamement envahissantes<\/strong> et pr\u00e9sentent un caract\u00e8re <strong>allerg\u00e8ne<\/strong> au moment de leur floraison (pollens), engendrant un probl\u00e8me majeur de sant\u00e9 publique.<\/p>\n<p><strong>Gare donc aux ambroisies, qui gagnent rapidement du terrain en r\u00e9gion Occitanie. <\/strong><\/p>\n<p>Impuret\u00e9s dans les semences, intervention d\u2019engins agricoles non nettoy\u00e9s, transport de graines par d\u00e9placement de terre ou cours d\u2019eau\u2026 les causes de sa diss\u00e9mination sont nombreuses et obligent \u00e0 une <strong>vigilance collective<\/strong>\u00a0!<\/p>\n<p>Pour l\u2019heure, leur r\u00e9partition en r\u00e9gion varie, et <strong>de nombreux foyers<\/strong> sont d\u2019ores-et-d\u00e9j\u00e0 identifi\u00e9s un peu partout sur le territoire : Gard, Haute-Garonne, nord de l\u2019Ari\u00e8ge, nord Tarn-et-Garonne et sud Lot, nord Gers, ouest Audois\u2026<\/p>\n<p>Selon les observations et signalements, <a href=\"https:\/\/fredonoccitanie189-my.sharepoint.com\/:f:\/g\/personal\/emiliealgans_fredonoccitanie189_onmicrosoft_com\/EmURuZrFg3xPvoQRqBjyQNgBCiA5sCgysNY1Z9x2aEKFrQ\">les cartes sont r\u00e9guli\u00e8rement mises \u00e0 jour et consultables ici<\/a>.<\/p>\n<div id=\"attachment_10273\" style=\"width: 379px\" class=\"wp-caption aligncenter\"><a href=\"https:\/\/fredonoccitanie189-my.sharepoint.com\/personal\/emiliealgans_fredonoccitanie189_onmicrosoft_com\/_layouts\/15\/onedrive.aspx?ga=1&amp;id=%2Fpersonal%2Femiliealgans%5Ffredonoccitanie189%5Fonmicrosoft%5Fcom%2FDocuments%2FSite%5Fweb%2FAmbroisie%2Fcartes%202021%20Occitanie%2FAmb%5Farti%5Foccitanie%5Fv20220504%2Ejpg&amp;parent=%2Fpersonal%2Femiliealgans%5Ffredonoccitanie189%5Fonmicrosoft%5Fcom%2FDocuments%2FSite%5Fweb%2FAmbroisie%2Fcartes%202021%20Occitanie\"><img loading=\"lazy\" decoding=\"async\" aria-describedby=\"caption-attachment-10273\" class=\"wp-image-10273 \" src=\"https:\/\/www.fredonoccitanie.com\/captages\/wp-content\/uploads\/sites\/3\/2023\/01\/carte_ambroisies-300x210.png\" alt=\"\" width=\"369\" height=\"258\" srcset=\"https:\/\/www.fredonoccitanie.com\/captages\/wp-content\/uploads\/sites\/3\/2023\/01\/carte_ambroisies-300x210.png 300w, https:\/\/www.fredonoccitanie.com\/captages\/wp-content\/uploads\/sites\/3\/2023\/01\/carte_ambroisies-1030x722.png 1030w, https:\/\/www.fredonoccitanie.com\/captages\/wp-content\/uploads\/sites\/3\/2023\/01\/carte_ambroisies-768x538.png 768w, https:\/\/www.fredonoccitanie.com\/captages\/wp-content\/uploads\/sites\/3\/2023\/01\/carte_ambroisies-705x494.png 705w, https:\/\/www.fredonoccitanie.com\/captages\/wp-content\/uploads\/sites\/3\/2023\/01\/carte_ambroisies.png 1219w\" sizes=\"auto, (max-width: 369px) 100vw, 369px\" \/><\/a><p id=\"caption-attachment-10273\" class=\"wp-caption-text\"><em>Exemple de carte avec localisation par commune (Ambrosia artemisiifolia L.)<\/em><\/p><\/div>\n<p>&nbsp;<\/p>\n<h4>Une obligation de lutte sur la majorit\u00e9 du territoire r\u00e9gional<\/h4>\n<p>Des pollens \u00e0 pouvoir allerg\u00e8ne tr\u00e8s \u00e9lev\u00e9 (avec environ 15% de la population sensible : rhinite, conjonctivite, asthme, ecz\u00e9ma..), de forts impacts sur la biodiversit\u00e9, des plantes invasives \u00e0 fort pouvoir de dispersion, avec une colonisation rapide des milieux ouverts et des milieux agricoles propices, une viabilit\u00e9 des graines bien sup\u00e9rieure \u00e0 10 ans dans le sol, et des cas de r\u00e9sistance aux herbicides\u2026 <strong>les raisons de lutter contre les ambroisies ne manquent pas\u00a0!<\/strong><\/p>\n<p><a href=\"https:\/\/www.fredonoccitanie.com\/ambroisies\/phototheque\/\"><img loading=\"lazy\" decoding=\"async\" class=\"alignnone size-medium wp-image-10281 aligncenter\" src=\"https:\/\/www.fredonoccitanie.com\/captages\/wp-content\/uploads\/sites\/3\/2023\/01\/macro-Pierre-19-07-2017_ambroisie-300x200.jpg\" alt=\"\" width=\"300\" height=\"200\" srcset=\"https:\/\/www.fredonoccitanie.com\/captages\/wp-content\/uploads\/sites\/3\/2023\/01\/macro-Pierre-19-07-2017_ambroisie-300x200.jpg 300w, https:\/\/www.fredonoccitanie.com\/captages\/wp-content\/uploads\/sites\/3\/2023\/01\/macro-Pierre-19-07-2017_ambroisie-705x470.jpg 705w, https:\/\/www.fredonoccitanie.com\/captages\/wp-content\/uploads\/sites\/3\/2023\/01\/macro-Pierre-19-07-2017_ambroisie.jpg 768w\" sizes=\"auto, (max-width: 300px) 100vw, 300px\" \/><\/a><\/p>\n<p><strong>C\u2019est m\u00eame une obligation dans la plupart des d\u00e9partements de la r\u00e9gion\u00a0:<\/strong><\/p>\n<p>Compte-tenu des enjeux, un<strong> arr\u00eat\u00e9 national du Minist\u00e8re de la Sant\u00e9<\/strong>, puis des<strong> arr\u00eat\u00e9s pr\u00e9fectoraux<\/strong> ont d\u00e9j\u00e0 \u00e9t\u00e9 pris dans plusieurs d\u00e9partements de la r\u00e9gion, obligeant les gestionnaires et exploitants agricoles \u00e0 pr\u00e9venir la pousse des plants d\u2019ambroisies, et \u00e0 d\u00e9truire les plants avant leur floraison et leur grenaison. <strong>A l\u2019horizon 2023, tous les d\u00e9partements d\u2019Occitanie auront leur arr\u00eat\u00e9<\/strong>.<\/p>\n<p style=\"text-align: center\"><a href=\"https:\/\/ambroisie-risque.info\/reglementation\/#les-arretes-prefectoraux-par-departement\">Prendre connaissance de l\u2019arr\u00eat\u00e9 pr\u00e9fectoral de votre d\u00e9partement, et de son plan de lutte l\u2019accompagnant ici.<\/a><\/p>\n<p>De plus, des arr\u00eat\u00e9s d\u00e9partementaux fixent les r\u00e8gles relatives aux <strong>bonnes pratiques de gestion<\/strong>, notamment l\u2019<strong>obligation de destruction des populations<\/strong> d&rsquo;ambroisies dans les bandes tampons.<\/p>\n<h5 style=\"text-align: center\"><strong>\/!\\ En cas d\u2019obligation de destruction de parcelle due \u00e0 une trop forte pr\u00e9sence d\u2019ambroisies, il est possible pour un exploitant de conserver les aides PAC en d\u00e9clarant un accident de culture<\/strong> (consultez votre conseiller r\u00e9f\u00e9rent ou la DDT pour plus de renseignements).<\/h5>\n<p>&nbsp;<\/p>\n<h4>Quand la concurrence avec les cultures fait rage !<\/h4>\n<p>La concurrence des ambroisies avec les cultures, en milieu agricole, est une difficult\u00e9 majeure avec laquelle les agriculteurs concern\u00e9s doivent conjuguer. Plantes pionni\u00e8res de printemps \u00e0 forte capacit\u00e9 de multiplication et de survie, elles ont des impacts sur tous types de cultures.<\/p>\n<div id=\"attachment_10282\" style=\"width: 310px\" class=\"wp-caption aligncenter\"><img loading=\"lazy\" decoding=\"async\" aria-describedby=\"caption-attachment-10282\" class=\"wp-image-10282 size-medium\" src=\"https:\/\/www.fredonoccitanie.com\/captages\/wp-content\/uploads\/sites\/3\/2023\/01\/ambroisie_Lectoure_2020-300x203.png\" alt=\"\" width=\"300\" height=\"203\" srcset=\"https:\/\/www.fredonoccitanie.com\/captages\/wp-content\/uploads\/sites\/3\/2023\/01\/ambroisie_Lectoure_2020-300x203.png 300w, https:\/\/www.fredonoccitanie.com\/captages\/wp-content\/uploads\/sites\/3\/2023\/01\/ambroisie_Lectoure_2020.png 408w\" sizes=\"auto, (max-width: 300px) 100vw, 300px\" \/><p id=\"caption-attachment-10282\" class=\"wp-caption-text\">Parcelle agricole infect\u00e9e dans le Gers<\/p><\/div>\n<h5 style=\"text-align: center\"><strong>EN GRANDES CULTURES<\/strong><\/h5>\n<p>Dans les grandes cultures de par leur cycle biologique, les ambroisies trouvent <strong>des conditions privil\u00e9gi\u00e9es au sein des cultures de printemps<\/strong>, en particulier dans le tournesol, le soja, le ma\u00efs, le sorgho et m\u00eame le pois de printemps.<\/p>\n<p>Mais elles peuvent \u00e9galement se d\u00e9velopper <strong>apr\u00e8s la r\u00e9colte d\u2019une culture d\u2019hiver<\/strong>. En effet, les jeunes ambroisies lev\u00e9es ne subissent plus la comp\u00e9tition de la culture et ont acc\u00e8s \u00e0 la lumi\u00e8re et aux ressources hydriques et min\u00e9rales. Elles peuvent donc se d\u00e9velopper rapidement dans les chaumes de bl\u00e9 par exemple.<\/p>\n<h5 style=\"text-align: center\"><strong>EN PRAIRIES ET JACHERES<\/strong><\/h5>\n<p>On peut aussi observer la pr\u00e9sence d\u2019ambroisies sur des prairies en phase d&rsquo;installation, des surfaces en gel, des jach\u00e8res.<\/p>\n<h5 style=\"text-align: center\"><strong>EN VIGNOBLES, VERGERS, ZONES MARA\u00ceCHERES<\/strong><\/h5>\n<p>M\u00eame si les cas de colonisation sont moins fr\u00e9quents, les cultures p\u00e9rennes (vignes, vergers) et mara\u00eech\u00e8res sont \u00e9galement concern\u00e9es.<\/p>\n<h5 style=\"text-align: center\"><strong>EN BORDS DE CHAMPS&#8230;<\/strong><\/h5>\n<p>Enfin, les bordures de champs (talus, bandes enherb\u00e9es \u2026) ainsi que les premiers rangs des cultures, o\u00f9 la v\u00e9g\u00e9tation est moins dense, sont des zones particuli\u00e8rement propices \u00e0 l&rsquo;installation des ambroisies.<\/p>\n<p>Ce sont souvent des <strong>zones de d\u00e9marrage de contamination<\/strong> des parcelles.<\/p>\n<p>&nbsp;<\/p>\n<h5 style=\"text-align: center\"><strong>En raison de leur potentiel de diss\u00e9mination \u00e9norme, la pr\u00e9sence d\u2019ambroisies dans les parcelles agricoles peut entra\u00eener :<\/strong><\/h5>\n<ol>\n<li style=\"list-style-type: none\">\n<ol>\n<li style=\"text-align: left\">\n<h5>une perte partielle ou totale de rendement,<\/h5>\n<\/li>\n<li style=\"text-align: left\">\n<h5>des charges suppl\u00e9mentaires de d\u00e9sherbage et de travail du sol,<\/h5>\n<\/li>\n<li style=\"text-align: left\">\n<h5>une gestion \u00e0 long terme d\u2019un stock semencier important ayant une dormance sup\u00e9rieure \u00e0 10 ans,<\/h5>\n<\/li>\n<li style=\"text-align: left\">\n<h5>un d\u00e9classement de la r\u00e9colte ou une r\u00e9faction du prix,<\/h5>\n<\/li>\n<li style=\"text-align: left\">\n<h5>une d\u00e9pr\u00e9ciation de la valeur des terres agricoles.<\/h5>\n<\/li>\n<\/ol>\n<\/li>\n<\/ol>\n<h5 style=\"text-align: center\"><strong>FOCUS SUR L&rsquo;AMBROISIE TRIFIDE<br \/>\n<\/strong><\/h5>\n<div id=\"attachment_10277\" style=\"width: 347px\" class=\"wp-caption aligncenter\"><img loading=\"lazy\" decoding=\"async\" aria-describedby=\"caption-attachment-10277\" class=\"wp-image-10277 \" src=\"https:\/\/www.fredonoccitanie.com\/captages\/wp-content\/uploads\/sites\/3\/2023\/01\/20180619_A-trifide-Montaut-Ariege-300x169.jpg\" alt=\"\" width=\"337\" height=\"190\" srcset=\"https:\/\/www.fredonoccitanie.com\/captages\/wp-content\/uploads\/sites\/3\/2023\/01\/20180619_A-trifide-Montaut-Ariege-300x169.jpg 300w, https:\/\/www.fredonoccitanie.com\/captages\/wp-content\/uploads\/sites\/3\/2023\/01\/20180619_A-trifide-Montaut-Ariege-768x432.jpg 768w, https:\/\/www.fredonoccitanie.com\/captages\/wp-content\/uploads\/sites\/3\/2023\/01\/20180619_A-trifide-Montaut-Ariege-705x397.jpg 705w, https:\/\/www.fredonoccitanie.com\/captages\/wp-content\/uploads\/sites\/3\/2023\/01\/20180619_A-trifide-Montaut-Ariege.jpg 1024w\" sizes=\"auto, (max-width: 337px) 100vw, 337px\" \/><p id=\"caption-attachment-10277\" class=\"wp-caption-text\">Parcelle infect\u00e9e d&rsquo;ambroisie trifide en Ari\u00e8ge (09)<\/p><\/div>\n<p>Une attention particuli\u00e8re doit \u00eatre port\u00e9e \u00e0 <strong>l\u2019ambroisie trifide<\/strong> afin d\u2019\u00e9viter qu\u2019elle ne se propage autant que l\u2019ambroisie \u00e0 feuilles d\u2019armoise, car elle repr\u00e9sente <strong>un probl\u00e8me agricole majeur<\/strong> dans sa zone d\u2019origine en raison de sa tr\u00e8s grande taille et de sa capacit\u00e9 de r\u00e9g\u00e9n\u00e9ration.<\/p>\n<p>Elle est pr\u00e9sente, pour l\u2019instant, seulement de fa\u00e7on diffuse : au nord-est de l&rsquo;Ari\u00e8ge (Montaut-Saverdun-Maz\u00e8res), en quelques sites en Haute-Garonne (Saint-Lys, L&rsquo;Isle-en-Dodon, Escanecrabe, Saint-Lary-Boujan, Verfeil), et r\u00e9cemment rep\u00e9r\u00e9e sur 3 sites dans le Gers et 2 sites dans le Tarn.<\/p>\n<div id=\"attachment_10278\" style=\"width: 377px\" class=\"wp-caption aligncenter\"><a href=\"https:\/\/fredonoccitanie189-my.sharepoint.com\/personal\/emiliealgans_fredonoccitanie189_onmicrosoft_com\/_layouts\/15\/onedrive.aspx?ga=1&amp;id=%2Fpersonal%2Femiliealgans%5Ffredonoccitanie189%5Fonmicrosoft%5Fcom%2FDocuments%2FSite%5Fweb%2FAmbroisie%2Fcartes%202021%20Occitanie%2FAmb%5Ftri%5Foccitanie%5Fv20220503%2Ejpg&amp;parent=%2Fpersonal%2Femiliealgans%5Ffredonoccitanie189%5Fonmicrosoft%5Fcom%2FDocuments%2FSite%5Fweb%2FAmbroisie%2Fcartes%202021%20Occitanie\"><img loading=\"lazy\" decoding=\"async\" aria-describedby=\"caption-attachment-10278\" class=\"wp-image-10278\" src=\"https:\/\/www.fredonoccitanie.com\/captages\/wp-content\/uploads\/sites\/3\/2023\/01\/carte_ambroisie_trifide-300x211.png\" alt=\"\" width=\"367\" height=\"258\" srcset=\"https:\/\/www.fredonoccitanie.com\/captages\/wp-content\/uploads\/sites\/3\/2023\/01\/carte_ambroisie_trifide-300x211.png 300w, https:\/\/www.fredonoccitanie.com\/captages\/wp-content\/uploads\/sites\/3\/2023\/01\/carte_ambroisie_trifide-1030x726.png 1030w, https:\/\/www.fredonoccitanie.com\/captages\/wp-content\/uploads\/sites\/3\/2023\/01\/carte_ambroisie_trifide-768x541.png 768w, https:\/\/www.fredonoccitanie.com\/captages\/wp-content\/uploads\/sites\/3\/2023\/01\/carte_ambroisie_trifide-705x497.png 705w, https:\/\/www.fredonoccitanie.com\/captages\/wp-content\/uploads\/sites\/3\/2023\/01\/carte_ambroisie_trifide.png 1158w\" sizes=\"auto, (max-width: 367px) 100vw, 367px\" \/><\/a><p id=\"caption-attachment-10278\" class=\"wp-caption-text\">Carte de localisation de l&rsquo;ambroisie trifide (Ambroisia trifida L.) fin 2021<\/p><\/div>\n<p>&nbsp;<\/p>\n<h4>Lutter tout en pr\u00e9servant l&rsquo;environnement et les ressources en eau : quelles alternatives pour les agriculteurs ?<\/h4>\n<p>Lutter contre les ambroisies en milieu agricole est \u00e0 la fois une n\u00e9cessit\u00e9 et une obligation r\u00e8glementaire sur une grande partie du territoire de la r\u00e9gion.<\/p>\n<p>Et <strong>ce qu&rsquo;il faut savoir, c&rsquo;est que le d\u00e9sherbage via les produits phytosanitaires est loin d\u2019\u00eatre l\u2019unique solution pour lutter ! Il peut m\u00eame aggraver certaines situations&#8230;<br \/>\n<\/strong><\/p>\n<p>Face aux <strong>r\u00e9sistances<\/strong> d\u00e9velopp\u00e9es \u00e0 long terme et face \u00e0 l\u2019enjeu de pr\u00e9servation de la <strong>qualit\u00e9 de l\u2019eau<\/strong>, \u00e9tudions les options alternatives mobilisables par les agriculteurs pour agir en lutte et pr\u00e9vention.<\/p>\n<h5 style=\"text-align: left\"><strong>EVITER &#8211;\u00a0<\/strong><strong>Informer, former, sensibiliser les agriculteurs pour \u00e9viter la contamination, avec un r\u00e9flexe simple : l&rsquo;arrachage avant grenaison d\u00e8s l\u2019apparition des premiers pieds !<\/strong><\/h5>\n<ul>\n<li style=\"list-style-type: none\">\n<ul>\n<li><a href=\"https:\/\/www.fredonoccitanie.com\/ambroisies\/lambroisie\/\">Reconnaissance de la plante<\/a> et connaissance de sa biologie pour une action le plus t\u00f4t possible en cas de contamination nouvelle,<\/li>\n<li>V\u00e9rification des semences face aux \u00e9ventuelles contamination,<\/li>\n<li>Nettoyage avant intervention des engins agricoles d\u2019une parcelle \u00e0 l\u2019autre,<\/li>\n<li>Surveillance apr\u00e8s passage des engins agricoles, d\u00e9placement de terres&#8230;<\/li>\n<\/ul>\n<\/li>\n<\/ul>\n<h5 style=\"text-align: left\"><strong>LUTTER &#8211; Des op\u00e9rations m\u00e9caniques pour lutter sans usage de produits phytosanitaires<\/strong><\/h5>\n<ul>\n<li style=\"list-style-type: none\">\n<ul>\n<li>Au printemps, il convient de g\u00e9rer les ambroisies avant le semis de la culture : lorsque la saison devient favorable \u00e0 la lev\u00e9e des ambroisies (d\u00e8s le mois de mars), r\u00e9aliser une <strong>pr\u00e9paration du sol pr\u00e9coce<\/strong> pour anticiper le semis de la culture de printemps. Ce travail du sol superficiel servira de <strong>faux-semis<\/strong>.<\/li>\n<li>Laisser ensuite le temps aux jeunes ambroisies de lever et les d\u00e9truire ensuite m\u00e9caniquement avant le semis de la culture de printemps. De ce fait, le d\u00e9calage de la date de semis de la culture est \u00e0 pr\u00e9voir.<\/li>\n<\/ul>\n<ul>\n<li>Apr\u00e8s lev\u00e9e, le binage devient d\u00e9licat :<\/li>\n<\/ul>\n<\/li>\n<\/ul>\n<ul>\n<li style=\"list-style-type: none\">\n<ul>\n<li style=\"list-style-type: none\">\n<ul>\n<li>en cas de forte infestation, le binage employ\u00e9 seul n\u2019offre pas un r\u00e9sultat suffisant car les ambroisies sur le rang subsistent apr\u00e8s binage. De plus, le d\u00e9sherbage m\u00e9canique devient vite inefficace sur des ambroisies trop d\u00e9velopp\u00e9es (4-6 feuilles).<\/li>\n<li>Il est primordial d\u2019<strong>intervenir t\u00f4t<\/strong> et de passer plusieurs fois si les fen\u00eatres climatiques le permettent.<\/li>\n<\/ul>\n<\/li>\n<\/ul>\n<ul>\n<li>En \u00e9t\u00e9, il est n\u00e9cessaire de g\u00e9rer les intercultures estivales par les <strong>d\u00e9chaumages<\/strong>\u00a0: les cultures d\u2019hiver laissent la possibilit\u00e9 de travailler le sol pendant l\u2019\u00e9t\u00e9 et donc de r\u00e9aliser des d\u00e9stockages de l\u2019ambroisie. En effet, une fois la culture d\u2019hiver r\u00e9colt\u00e9e, l\u2019ambroisie prend le dessus. Il faut donc la g\u00e9rer en interculture dans les chaumes, en effectuant tout type d\u2019op\u00e9ration m\u00e9canique (d\u00e9chaumages crois\u00e9s, broyage + d\u00e9chaumage, etc) permettant d\u2019emp\u00eacher la grenaison.<\/li>\n<\/ul>\n<\/li>\n<\/ul>\n<h5 style=\"text-align: left\"><strong>PREVENIR &#8211; Un changement de pratique global pour pr\u00e9venir les risques<\/strong><\/h5>\n<ul>\n<li style=\"list-style-type: none\">\n<ul>\n<li><strong>Limiter les sols nus<\/strong> par le d\u00e9ploiement de <strong>couverts v\u00e9g\u00e9taux<\/strong>\u2026 Une prairie ou un abord de parcelle dont le couvert est bien implant\u00e9 peut limiter le d\u00e9veloppement des ambroisies. Mais le risque de prolif\u00e9ration reste pr\u00e9sent et il convient de <strong>faucher avant grenaison des ambroisies.<\/strong><\/li>\n<li><strong>Introduire des cultures d\u2019hiver<\/strong> pour g\u00e9rer les ambroisies pendant l\u2019\u00e9t\u00e9\u00a0: intercaler 2 voire 3 cultures d\u2019hiver successives permet de garantir le r\u00e9sultat \u00e9conomique des parcelles tr\u00e8s infest\u00e9es en esquivant les lev\u00e9es d\u2019ambroisie, d\u2019avoir acc\u00e8s \u00e0 une plus grande diversit\u00e9 de modes d\u2019action m\u00e9caniques possibles, et d\u2019ouvrir des fen\u00eatres d\u2019intervention apr\u00e8s r\u00e9colte pour des d\u00e9chaumages et d\u00e9stockages d\u2019\u00e9t\u00e9.<\/li>\n<\/ul>\n<\/li>\n<\/ul>\n<h5 style=\"text-align: center\"><a href=\"https:\/\/cloud.ressources-fredonoccitanie.com\/index.php\/s\/aYsCizTYpgXDsQg#pdfviewer\"><strong>Consulter le Guide technique \u00ab LES AMBROISIES : UN PROBLEME AGRICOLE ET DE SANTE PUBLIQUE QUI NE FAIT QUE COMMENCER \u00bb &#8211; <\/strong><\/a><a href=\"https:\/\/cloud.ressources-fredonoccitanie.com\/index.php\/s\/aYsCizTYpgXDsQg#pdfviewer\"><strong>CRAO\/FREDON\/DRAAF Occitanie<\/strong><\/a><\/h5>\n<p style=\"text-align: center\"><a href=\"https:\/\/occitanie.chambre-agriculture.fr\/agroenvironnement\/agroecologie\/aglae\/tous-les-temoignages-en-videos\/\"><strong>Consulter les vid\u00e9os AGLAE autour d&rsquo;op\u00e9rations m\u00e9caniques en alternative aux d\u00e9sherbages chimiques &#8211; CRAO<\/strong><\/a><\/p>\n<p>&nbsp;<\/p>\n<h4>Bo\u00eete \u00e0 outils des animateurs territoriaux : comment accompagner les agriculteurs sur les aires d&rsquo;alimentation de captage (AAC) ?<\/h4>\n<p>FREDON Occitanie anime une <a href=\"https:\/\/www.fredonoccitanie.com\/ambroisies\/le-projet-ambroisie\/\">mission r\u00e9gionale de lutte contre les ambroisies<\/a>, avec le soutien de partenaires institutionnels (ARS, DRAAF\u2026). Elle est relay\u00e9e localement sur plusieurs d\u00e9partements par les CPIE (09, 12, 31, 32, 34, 46, 65, 81, 82), ou par FREDON (11, 30, 48, 66).<\/p>\n<p style=\"text-align: center\"><strong>Dans ce cadre, des outils peuvent \u00eatre mobilis\u00e9s pour agir et ainsi pr\u00e9venir le risque de pollutions diffuses associ\u00e9es \u00e0 cette lutte\u00a0!<\/strong><\/p>\n<p>&nbsp;<\/p>\n<h5>1\/ S\u2019informer pour conna\u00eetre et partager les enjeux aupr\u00e8s des acteurs du territoire<\/h5>\n<ul>\n<li><a href=\"https:\/\/www.fredonoccitanie.com\/ambroisies\/ressources-ambroisie\/\">Consulter le site d\u00e9di\u00e9 et les ressources propos\u00e9es<\/a><\/li>\n<li><a href=\"https:\/\/www.fredonoccitanie.com\/ambroisies\/ressources-ambroisie\/lettre-ambroisies\/\">S\u2019abonner \u00e0 la lettre d\u2019information Ambroisies<\/a><\/li>\n<\/ul>\n<h5>2\/ Mobiliser les ressources disponibles \u00e0 l\u2019attention des agriculteurs<\/h5>\n<ul>\n<li><a href=\"https:\/\/signalement-ambroisie.atlasante.fr\/apropos\">Une plateforme nationale de signalement<\/a><\/li>\n<li>L\u2019organisation ou l\u2019animation sur demande de r\u00e9unions de bords de champ en partenariat avec les institutions locales<\/li>\n<li>La diffusion <a href=\"https:\/\/www.fredonoccitanie.com\/ambroisies\/ressources-ambroisie\/\">d\u2019outils pratiques aux agriculteurs<\/a> (guide technique, plaquette de reconnaissance) pour les outiller et les sensibiliser quant aux solutions alternatives au d\u00e9sherbage chimique<\/li>\n<\/ul>\n<h5 style=\"text-align: center\">Vers une mobilisation collective pour limiter l&rsquo;implantation des ambroisies, les risques pour la sant\u00e9 des citoyens et pr\u00e9server la qualit\u00e9 de l&rsquo;eau !<\/h5>\n<p><a href=\"https:\/\/www.fredonoccitanie.com\/ambroisies\/\"><img loading=\"lazy\" decoding=\"async\" class=\"wp-image-10285 aligncenter\" src=\"https:\/\/www.fredonoccitanie.com\/captages\/wp-content\/uploads\/sites\/3\/2023\/01\/site_ambroisie-300x140.png\" alt=\"\" width=\"525\" height=\"245\" srcset=\"https:\/\/www.fredonoccitanie.com\/captages\/wp-content\/uploads\/sites\/3\/2023\/01\/site_ambroisie-300x140.png 300w, https:\/\/www.fredonoccitanie.com\/captages\/wp-content\/uploads\/sites\/3\/2023\/01\/site_ambroisie-1030x482.png 1030w, https:\/\/www.fredonoccitanie.com\/captages\/wp-content\/uploads\/sites\/3\/2023\/01\/site_ambroisie-768x359.png 768w, https:\/\/www.fredonoccitanie.com\/captages\/wp-content\/uploads\/sites\/3\/2023\/01\/site_ambroisie-1536x718.png 1536w, https:\/\/www.fredonoccitanie.com\/captages\/wp-content\/uploads\/sites\/3\/2023\/01\/site_ambroisie-1500x701.png 1500w, https:\/\/www.fredonoccitanie.com\/captages\/wp-content\/uploads\/sites\/3\/2023\/01\/site_ambroisie-705x330.png 705w, https:\/\/www.fredonoccitanie.com\/captages\/wp-content\/uploads\/sites\/3\/2023\/01\/site_ambroisie.png 1837w\" sizes=\"auto, (max-width: 525px) 100vw, 525px\" \/><\/a><\/p>\n<p style=\"text-align: center\"><strong>Pour solliciter des outils ou en savoir plus\u00a0: <a href=\"https:\/\/www.fredonoccitanie.com\/nous-contacter\/\">contactez-nous<\/a> !<\/strong><\/p>\n<p>&nbsp;<\/p>\n<p>&nbsp;<\/p>\n<p>Source et cr\u00e9dit images : (c) FREDON Occitanie ; source cartes : CBN (conservatoire botaniques national) Pyr\u00e9n\u00e9es et Midi-Pyr\u00e9n\u00e9es &#8211; CBN M\u00e9diterran\u00e9en<\/p>\n","protected":false},"excerpt":{"rendered":"<p>Comment lutter contre cette plante envahissante et allerg\u00e8ne&#8230; tout en pr\u00e9servant l&rsquo;environnement ? &nbsp; La r\u00e9duction des pollutions diffuses li\u00e9e \u00e0 la gestion des adventices est un axe de travail majeur des d\u00e9marches de protection de la qualit\u00e9 de l\u2019eau sur les aires d\u2019alimentation de captages. La palette des outils mobilisables par les agriculteurs est [&hellip;]<\/p>\n","protected":false},"author":10,"featured_media":10276,"comment_status":"closed","ping_status":"closed","sticky":false,"template":"","format":"standard","meta":{"footnotes":""},"categories":[2,12],"tags":[],"class_list":["post-10256","post","type-post","status-publish","format-standard","has-post-thumbnail","hentry","category-actualites-captages","category-actualites-fredon"],"_links":{"self":[{"href":"https:\/\/www.fredonoccitanie.com\/captages\/wp-json\/wp\/v2\/posts\/10256","targetHints":{"allow":["GET"]}}],"collection":[{"href":"https:\/\/www.fredonoccitanie.com\/captages\/wp-json\/wp\/v2\/posts"}],"about":[{"href":"https:\/\/www.fredonoccitanie.com\/captages\/wp-json\/wp\/v2\/types\/post"}],"author":[{"embeddable":true,"href":"https:\/\/www.fredonoccitanie.com\/captages\/wp-json\/wp\/v2\/users\/10"}],"replies":[{"embeddable":true,"href":"https:\/\/www.fredonoccitanie.com\/captages\/wp-json\/wp\/v2\/comments?post=10256"}],"version-history":[{"count":5,"href":"https:\/\/www.fredonoccitanie.com\/captages\/wp-json\/wp\/v2\/posts\/10256\/revisions"}],"predecessor-version":[{"id":10667,"href":"https:\/\/www.fredonoccitanie.com\/captages\/wp-json\/wp\/v2\/posts\/10256\/revisions\/10667"}],"wp:featuredmedia":[{"embeddable":true,"href":"https:\/\/www.fredonoccitanie.com\/captages\/wp-json\/wp\/v2\/media\/10276"}],"wp:attachment":[{"href":"https:\/\/www.fredonoccitanie.com\/captages\/wp-json\/wp\/v2\/media?parent=10256"}],"wp:term":[{"taxonomy":"category","embeddable":true,"href":"https:\/\/www.fredonoccitanie.com\/captages\/wp-json\/wp\/v2\/categories?post=10256"},{"taxonomy":"post_tag","embeddable":true,"href":"https:\/\/www.fredonoccitanie.com\/captages\/wp-json\/wp\/v2\/tags?post=10256"}],"curies":[{"name":"wp","href":"https:\/\/api.w.org\/{rel}","templated":true}]}}