{"id":10162,"date":"2023-01-06T16:03:54","date_gmt":"2023-01-06T15:03:54","guid":{"rendered":"https:\/\/www.fredonoccitanie.com\/captages\/?p=10162"},"modified":"2023-01-09T15:53:40","modified_gmt":"2023-01-09T14:53:40","slug":"le-gers-territoire-dexperimentation-pour-lemergence-de-demarches-preventives-a-grande-echelle","status":"publish","type":"post","link":"https:\/\/www.fredonoccitanie.com\/captages\/2023\/01\/06\/le-gers-territoire-dexperimentation-pour-lemergence-de-demarches-preventives-a-grande-echelle\/","title":{"rendered":"Le Gers, territoire d\u2019exp\u00e9rimentation pour l\u2019\u00e9mergence de d\u00e9marches pr\u00e9ventives \u00e0 grande \u00e9chelle"},"content":{"rendered":"<h3 style=\"text-align: center\">Retour sur une ann\u00e9e d&rsquo;accompagnement <strong>\u00e0 l&rsquo;\u00e9chelle d\u00e9partementale<\/strong><\/h3>\n<p><!--{cke_protected}{C}%3C!%2D%2D%20%2Fwp%3Aheading%20%2D%2D%3E--><!--{cke_protected}{C}%3C!%2D%2D%20wp%3Aparagraph%20%2D%2D%3E--><\/p>\n<p><img loading=\"lazy\" decoding=\"async\" class=\" wp-image-10198 aligncenter\" src=\"https:\/\/www.fredonoccitanie.com\/captages\/wp-content\/uploads\/sites\/3\/2023\/01\/Gers_zoom-300x242.png\" alt=\"\" width=\"275\" height=\"222\" \/><\/p>\n<p>&nbsp;<\/p>\n<h4><strong>Le Gers, un territoire face \u00e0 l\u2019enjeu de pr\u00e9servation de la qualit\u00e9 de l\u2019eau<\/strong><\/h4>\n<p>Le d\u00e9partement du Gers, territoire tr\u00e8s agricole, fait face \u00e0 un enjeu de pr\u00e9servation de la qualit\u00e9 de la ressource en eau, \u00e0 l\u2019image des probl\u00e9matiques rencontr\u00e9es sur le bassin Adour-Garonne. Plusieurs captages gersois sont, de fait, class\u00e9s sensibles ou prioritaires dans le SDAGE 2022-2027 du fait de la pollution de la ressource en eau par les pesticides, et notamment les m\u00e9tabolites de pesticides.<\/p>\n<p>Le territoire condense un certain nombre de probl\u00e9matiques autour de la question de l\u2019eau tant qualitatives que quantitatives qui am\u00e8nent ses acteurs \u00e0 <strong>agir collectivement pour r\u00e9duire les pollutions diffuses<\/strong>. Les PRPDE (personnes responsables de la production et distribution de l\u2019eau), accompagn\u00e9es par les services de l\u2019Etat et l\u2019Agence de l\u2019eau, se mobilisent pour <strong>mettre en place des solutions p\u00e9rennes sur les captages d\u00e9grad\u00e9s identifi\u00e9s<\/strong>.<\/p>\n<p>Bien que ces captages partagent un m\u00eame constat de d\u00e9gradation des eaux brutes, \u00e0 savoir le d\u00e9passement de la limite de qualit\u00e9 par les m\u00e9tabolites de l&rsquo;herbicide S-M\u00e9tolachlore, ils rel\u00e8vent de <strong>situations vari\u00e9es<\/strong>. La moiti\u00e9 d\u2019entre eux sont en <strong>eaux superficielles<\/strong> et sont implant\u00e9s dans des bassins versants de tr\u00e8s grandes superficies. L\u2019autre moiti\u00e9 des captages sont aliment\u00e9s par des <strong>eaux souterraines<\/strong> dont les aires d\u2019alimentation ne sont pas encore toutes connues.<\/p>\n<p>Des traitements curatifs sont d\u00e9ploy\u00e9s localement pour desservir une eau de qualit\u00e9 \u00e0 la population. Toutefois, face \u00e0 ce contexte et au vu de la complexit\u00e9 des probl\u00e9matiques rencontr\u00e9es, a \u00e9merg\u00e9 la n\u00e9cessite de <strong>d\u00e9ployer collectivement une r\u00e9flexion \u00e0 grande \u00e9chelle pour la mise en place d\u2019actions pr\u00e9ventives.<\/strong> L\u2019objectif est de tendre vers une action plus efficiente \u00e0 long terme au service d\u2019une am\u00e9lioration globale de la qualit\u00e9 de l\u2019eau. <strong>La mobilisation de l\u2019ensemble des acteurs concern\u00e9s est une cl\u00e9 de r\u00e9ussite dans ce projet.<\/strong><\/p>\n<div id=\"attachment_10222\" style=\"width: 819px\" class=\"wp-caption alignnone\"><img loading=\"lazy\" decoding=\"async\" aria-describedby=\"caption-attachment-10222\" class=\"wp-image-10222\" src=\"https:\/\/www.fredonoccitanie.com\/captages\/wp-content\/uploads\/sites\/3\/2023\/01\/Gers_paysage_agricole_sempeserre_-300x89.png\" alt=\"\" width=\"809\" height=\"240\" srcset=\"https:\/\/www.fredonoccitanie.com\/captages\/wp-content\/uploads\/sites\/3\/2023\/01\/Gers_paysage_agricole_sempeserre_-300x89.png 300w, https:\/\/www.fredonoccitanie.com\/captages\/wp-content\/uploads\/sites\/3\/2023\/01\/Gers_paysage_agricole_sempeserre_-1030x306.png 1030w, https:\/\/www.fredonoccitanie.com\/captages\/wp-content\/uploads\/sites\/3\/2023\/01\/Gers_paysage_agricole_sempeserre_-768x228.png 768w, https:\/\/www.fredonoccitanie.com\/captages\/wp-content\/uploads\/sites\/3\/2023\/01\/Gers_paysage_agricole_sempeserre_-1536x457.png 1536w, https:\/\/www.fredonoccitanie.com\/captages\/wp-content\/uploads\/sites\/3\/2023\/01\/Gers_paysage_agricole_sempeserre_-1500x446.png 1500w, https:\/\/www.fredonoccitanie.com\/captages\/wp-content\/uploads\/sites\/3\/2023\/01\/Gers_paysage_agricole_sempeserre_-705x210.png 705w, https:\/\/www.fredonoccitanie.com\/captages\/wp-content\/uploads\/sites\/3\/2023\/01\/Gers_paysage_agricole_sempeserre_.png 1600w\" sizes=\"auto, (max-width: 809px) 100vw, 809px\" \/><p id=\"caption-attachment-10222\" class=\"wp-caption-text\">Paysages agricoles gersois<\/p><\/div>\n<p>&nbsp;<\/p>\n<h4><strong>Bilan d\u2019une ann\u00e9e d\u2019accompagnement \u00e0 l\u2019\u00e9mergence de d\u00e9marches pr\u00e9ventives<\/strong><\/h4>\n<p><strong>Les services de l\u2019Etat, et notamment la Pr\u00e9fecture du Gers, ont pris l\u2019initiative d\u2019agir<\/strong> et ont sollicit\u00e9 FREDON Occitanie pour une action d\u2019accompagnement en lien avec l\u2019ensemble des partenaires. Ainsi, les 18 PRPDE concern\u00e9es par des captages d\u00e9grad\u00e9s sont soutenues dans la <strong>prise en main collective de la probl\u00e9matique<\/strong> pour faire \u00e9merger des d\u00e9marches pr\u00e9ventives.<\/p>\n<p>Dans le cadre de cette <strong>mission d\u2019accompagnement<\/strong> commandit\u00e9e par l\u2019ARS Occitanie et conduite de mani\u00e8re multi-partenariale avec des acteurs \u00e0 la fois institutionnels et techniques (DDT, Agence de l\u2019eau, DREAL\u2026), diff\u00e9rentes actions ont \u00e9t\u00e9 men\u00e9es\u00a0en lien avec les PRPDE, par exemple\u00a0:<\/p>\n<ul>\n<li>Une enqu\u00eate pr\u00e9alable \u00e0 l\u2019accompagnement des PRPDE a \u00e9t\u00e9 r\u00e9alis\u00e9e par le biais de 15 entretiens bilat\u00e9raux afin de cerner leurs besoins sp\u00e9cifiques, et dont les r\u00e9sultats ont \u00e9t\u00e9 partag\u00e9s aupr\u00e8s des partenaires locaux.<\/li>\n<\/ul>\n<p>&nbsp;<\/p>\n<ul>\n<li>Plusieurs PRPDE ont particip\u00e9 \u00e0 la journ\u00e9e du r\u00e9seau <em>Captages d\u2019<\/em>Eau<em>ccitanie<\/em> organis\u00e9e en septembre dernier sur le th\u00e8me des outils d\u2019accompagnement des acteurs du territoire pour la mise en place de d\u00e9marches pr\u00e9ventives. Organis\u00e9e en pr\u00e9sence des partenaires institutionnels et techniques du r\u00e9seau (DREAL, DRAAF, ARS, Agence de l\u2019eau, R\u00e9gion, Chambre r\u00e9gionale d\u2019agriculture, GIP Transitions, CD32, DDT32), cela a permis de brosser un premier portrait des outils mobilisables dans ce cadre. <a href=\"https:\/\/www.fredonoccitanie.com\/captages\/2022\/09\/26\/reseau-adour-garonne-journee-technique\/\">En savoir plus sur cette journ\u00e9e ici&#8230;<\/a><\/li>\n<\/ul>\n<p>&nbsp;<\/p>\n<p>Ces actions ont contribu\u00e9 \u00e0 aider les acteurs du territoire dans leur prise en main de cette probl\u00e9matique complexe, transversale et multi-enjeux. La rencontre avec les membres du r\u00e9seau captages a permis d\u2019amorcer une synergie avec des acteurs investis de longue date en r\u00e9gion Occitanie afin de partager exp\u00e9riences et bonnes pratiques.<\/p>\n<p>Bien que le chemin soit encore long avant d\u2019aboutir \u00e0 l\u2019\u00e9mergence effective de d\u00e9marches pr\u00e9ventives, des pistes d\u2019actions se dessinent pour l\u2019avenir et restent \u00e0 d\u00e9ployer sur le long terme sur le territoire, car <strong>une action pr\u00e9ventive se construit n\u00e9cessairement sur le long terme et de mani\u00e8re concert\u00e9e.<\/strong><\/p>\n<p>&nbsp;<\/p>\n<h4><strong>Un double enjeu : passer \u00e0 l\u2019action et agir sur le long terme<\/strong><\/h4>\n<p>La probl\u00e9matique li\u00e9e \u00e0 la qualit\u00e9 de l\u2019eau potable et des eaux brutes met en lumi\u00e8re<strong> l\u2019urgence d\u2019agir sur le long terme pour la reconqu\u00eate p\u00e9renne de la qualit\u00e9 des ressources<\/strong>.<\/p>\n<p>La <strong>mobilisation des acteurs du territoire<\/strong>, qu\u2019ils soient institutionnels ou techniques, et le d\u00e9veloppement de synergies avec d\u2019autres politiques ou d\u00e9marches territoriales sont des leviers cl\u00e9s. L\u2019accompagnement aux changements de pratique sur le territoire est aussi indispensable. Des liens avec le r\u00e9seau <em>Captages d\u2019<\/em>Eau<em>ccitanie<\/em> sont \u00e0 tisser pour approfondir les synergies et b\u00e9n\u00e9ficier de cet outil occitan pour aider \u00e0 l\u2019\u00e9closion de ces d\u00e9marches pr\u00e9ventives.<\/p>\n<h5 style=\"text-align: center\"><strong>Le cas du Gers est remarquable par son approche \u00e0 une \u00e9chelle d\u00e9partementale et par l\u2019implication de nombreux acteurs. <\/strong><\/h5>\n<h5 style=\"text-align: center\"><strong>C\u2019est ce qui en fait une d\u00e9marche exp\u00e9rimentale qui pourrait \u00e0 terme inspirer d\u2019autres territoires.<\/strong><\/h5>\n<p>&nbsp;<\/p>\n<p><img loading=\"lazy\" decoding=\"async\" class=\" wp-image-10199 aligncenter\" src=\"https:\/\/www.fredonoccitanie.com\/captages\/wp-content\/uploads\/sites\/3\/2023\/01\/gers_occitanie-300x212.png\" alt=\"\" width=\"404\" height=\"286\" srcset=\"https:\/\/www.fredonoccitanie.com\/captages\/wp-content\/uploads\/sites\/3\/2023\/01\/gers_occitanie-300x212.png 300w, https:\/\/www.fredonoccitanie.com\/captages\/wp-content\/uploads\/sites\/3\/2023\/01\/gers_occitanie-1030x729.png 1030w, https:\/\/www.fredonoccitanie.com\/captages\/wp-content\/uploads\/sites\/3\/2023\/01\/gers_occitanie-768x543.png 768w, https:\/\/www.fredonoccitanie.com\/captages\/wp-content\/uploads\/sites\/3\/2023\/01\/gers_occitanie-260x185.png 260w, https:\/\/www.fredonoccitanie.com\/captages\/wp-content\/uploads\/sites\/3\/2023\/01\/gers_occitanie-705x499.png 705w, https:\/\/www.fredonoccitanie.com\/captages\/wp-content\/uploads\/sites\/3\/2023\/01\/gers_occitanie.png 1370w\" sizes=\"auto, (max-width: 404px) 100vw, 404px\" \/><\/p>\n<p>&nbsp;<\/p>\n<p>Source et cr\u00e9dit images : (c) FREDON Occitanie<\/p>\n","protected":false},"excerpt":{"rendered":"<p>Retour sur une ann\u00e9e d&rsquo;accompagnement \u00e0 l&rsquo;\u00e9chelle d\u00e9partementale &nbsp; Le Gers, un territoire face \u00e0 l\u2019enjeu de pr\u00e9servation de la qualit\u00e9 de l\u2019eau Le d\u00e9partement du Gers, territoire tr\u00e8s agricole, fait face \u00e0 un enjeu de pr\u00e9servation de la qualit\u00e9 de la ressource en eau, \u00e0 l\u2019image des probl\u00e9matiques rencontr\u00e9es sur le bassin Adour-Garonne. Plusieurs [&hellip;]<\/p>\n","protected":false},"author":10,"featured_media":10218,"comment_status":"closed","ping_status":"closed","sticky":false,"template":"","format":"standard","meta":{"footnotes":""},"categories":[2,12],"tags":[],"class_list":["post-10162","post","type-post","status-publish","format-standard","has-post-thumbnail","hentry","category-actualites-captages","category-actualites-fredon"],"_links":{"self":[{"href":"https:\/\/www.fredonoccitanie.com\/captages\/wp-json\/wp\/v2\/posts\/10162","targetHints":{"allow":["GET"]}}],"collection":[{"href":"https:\/\/www.fredonoccitanie.com\/captages\/wp-json\/wp\/v2\/posts"}],"about":[{"href":"https:\/\/www.fredonoccitanie.com\/captages\/wp-json\/wp\/v2\/types\/post"}],"author":[{"embeddable":true,"href":"https:\/\/www.fredonoccitanie.com\/captages\/wp-json\/wp\/v2\/users\/10"}],"replies":[{"embeddable":true,"href":"https:\/\/www.fredonoccitanie.com\/captages\/wp-json\/wp\/v2\/comments?post=10162"}],"version-history":[{"count":5,"href":"https:\/\/www.fredonoccitanie.com\/captages\/wp-json\/wp\/v2\/posts\/10162\/revisions"}],"predecessor-version":[{"id":10252,"href":"https:\/\/www.fredonoccitanie.com\/captages\/wp-json\/wp\/v2\/posts\/10162\/revisions\/10252"}],"wp:featuredmedia":[{"embeddable":true,"href":"https:\/\/www.fredonoccitanie.com\/captages\/wp-json\/wp\/v2\/media\/10218"}],"wp:attachment":[{"href":"https:\/\/www.fredonoccitanie.com\/captages\/wp-json\/wp\/v2\/media?parent=10162"}],"wp:term":[{"taxonomy":"category","embeddable":true,"href":"https:\/\/www.fredonoccitanie.com\/captages\/wp-json\/wp\/v2\/categories?post=10162"},{"taxonomy":"post_tag","embeddable":true,"href":"https:\/\/www.fredonoccitanie.com\/captages\/wp-json\/wp\/v2\/tags?post=10162"}],"curies":[{"name":"wp","href":"https:\/\/api.w.org\/{rel}","templated":true}]}}