{"id":10119,"date":"2023-01-06T16:39:31","date_gmt":"2023-01-06T15:39:31","guid":{"rendered":"https:\/\/www.fredonoccitanie.com\/captages\/?p=10119"},"modified":"2023-01-06T17:11:59","modified_gmt":"2023-01-06T16:11:59","slug":"2023-nouvelle-annee-nouveaux-projets-au-service-de-la-qualite-de-leau","status":"publish","type":"post","link":"https:\/\/www.fredonoccitanie.com\/captages\/2023\/01\/06\/2023-nouvelle-annee-nouveaux-projets-au-service-de-la-qualite-de-leau\/","title":{"rendered":"2023 : nouvelle ann\u00e9e, nouveaux projets au service de la qualit\u00e9 de l&rsquo;eau !"},"content":{"rendered":"<h3 style=\"text-align: center\"><span data-contrast=\"auto\"><strong>Bonne ann\u00e9e, Bona annada, Bon any nou, <\/strong><\/span><\/h3>\n<h3 style=\"text-align: center\"><span data-contrast=\"auto\"><strong>FREDON Occitanie vous adresse ses meilleurs v\u0153ux pour 2023<\/strong>\u202f<\/span><\/h3>\n<h3 style=\"text-align: center\"><\/h3>\n<p>&nbsp;<\/p>\n<p>&nbsp;<\/p>\n<h4><span data-contrast=\"auto\">Nos meilleurs v\u0153ux pour 2023<\/span><\/h4>\n<p><em>En 2023, nous vous souhaitons le meilleur, avec&#8230;<\/em><\/p>\n<p><em>des clapotis d\u2019enthousiasme et de belles id\u00e9es,<\/em><\/p>\n<p><em>des courants d\u2019\u00e9nergie positive au service de vos projets,<\/em><\/p>\n<p><em>des flots de r\u00e9ussites,<\/em><\/p>\n<p><em>et des vagues d\u2019initiatives fructueuses au service de la qualit\u00e9 de la ressource en eau\u00a0!<\/em><\/p>\n<p>&nbsp;<\/p>\n<h5 style=\"text-align: center\"><strong>Bonne ann\u00e9e et meilleurs\u00a0<\/strong>v\u0153ux<\/h5>\n<h5 style=\"text-align: center\"><strong>Bona annada, plan granada e acompanhada<\/strong><\/h5>\n<h5 style=\"text-align: center\"><strong>Bon any nou i millors desitjos<\/strong><\/h5>\n<p><img loading=\"lazy\" decoding=\"async\" class=\"alignnone size-medium wp-image-10123 aligncenter\" src=\"https:\/\/www.fredonoccitanie.com\/captages\/wp-content\/uploads\/sites\/3\/2023\/01\/voeux2023-300x300.png\" alt=\"\" width=\"300\" height=\"300\" \/><\/p>\n<p>&nbsp;<\/p>\n<p>&nbsp;<\/p>\n<h4><strong>Une nouvelle ann\u00e9e&#8230; et des nouveaut\u00e9s !<\/strong><\/h4>\n<h5>C\u00f4t\u00e9 Est, une d\u00e9cennie \u00e0 f\u00eater<\/h5>\n<p>2023 marquera les 10 ans de la d\u00e9marche <em>Captages d&rsquo;<\/em>Eau<em>ccitanie<\/em>, n\u00e9e sur le bassin Rh\u00f4ne M\u00e9diterran\u00e9e Corse \u00e0 la demande des animateurs captages et avec le soutien des partenaires institutionnels.<\/p>\n<p>10 ans d&rsquo;\u00e9changes, de rencontres, de formation, de projets mutualis\u00e9s, qui am\u00e8nent aujourd&rsquo;hui \u00e0 un r\u00e9seau solide comptant une quarantaine de membres !<\/p>\n<p>&nbsp;<\/p>\n<h5>C\u00f4t\u00e9 Ouest, une mission renforc\u00e9e<\/h5>\n<p>L&rsquo;ann\u00e9e 2023 s&rsquo;annonce avec quelques nouveaut\u00e9s sur le bassin Adour-Garonne, afin de faire encore fructifier le travail mis en place depuis 2020 avec les territoires engag\u00e9s d&rsquo;Occitanie Ouest, et depuis fin 2021 sur le d\u00e9partement du Gers.<\/p>\n<p>Avec le soutien des partenaires de la d\u00e9marche <em>Captages d&rsquo;<\/em>Eau<em>ccitanie, <\/em>la mission d&rsquo;animation de r\u00e9seau est renforc\u00e9e, avec davantage de temps d\u00e9di\u00e9 2023 pour poursuivre les efforts engag\u00e9s et voir ce r\u00e9seau grandir !<\/p>\n<p>Le travail d&rsquo;animation \u0153uvrera \u00e0 toujours plus de synergie entre les acteurs gersois, les membres du r\u00e9seau sur le bassin Adour-Garonne, et avec l&rsquo;ensemble des membres de la d\u00e9marche <em>Captages d&rsquo;<\/em>Eau<em>ccitanie<\/em> \u00e0 l&rsquo;\u00e9chelle interbassins, avec un objectif commun&#8230;<\/p>\n<h5 style=\"text-align: center\"><strong>Am\u00e9liorer la pr\u00e9servation de la qualit\u00e9 de l&rsquo;eau !<\/strong><\/h5>\n<p>&nbsp;<\/p>\n<p>Cette ann\u00e9e encore, nous restons \u00e0 votre \u00e9coute pour vous accompagner dans vos projets (<a href=\"https:\/\/www.fredonoccitanie.com\/captages\/nous-contacter\/\"><span data-contrast=\"auto\">contactez-nous ici<\/span><\/a>).<\/p>\n<p>&nbsp;<\/p>\n<p>Cr\u00e9dits images :\u00a0\u00a9 FREDON Occitanie<\/p>\n<p>&nbsp;<\/p>\n<p>&nbsp;<\/p>\n<p>&nbsp;<\/p>\n","protected":false},"excerpt":{"rendered":"<p>Bonne ann\u00e9e, Bona annada, Bon any nou, FREDON Occitanie vous adresse ses meilleurs v\u0153ux pour 2023\u202f &nbsp; &nbsp; Nos meilleurs v\u0153ux pour 2023 En 2023, nous vous souhaitons le meilleur, avec&#8230; des clapotis d\u2019enthousiasme et de belles id\u00e9es, des courants d\u2019\u00e9nergie positive au service de vos projets, des flots de r\u00e9ussites, et des vagues d\u2019initiatives [&hellip;]<\/p>\n","protected":false},"author":10,"featured_media":10201,"comment_status":"closed","ping_status":"closed","sticky":false,"template":"","format":"standard","meta":{"footnotes":""},"categories":[2,12],"tags":[],"class_list":["post-10119","post","type-post","status-publish","format-standard","has-post-thumbnail","hentry","category-actualites-captages","category-actualites-fredon"],"_links":{"self":[{"href":"https:\/\/www.fredonoccitanie.com\/captages\/wp-json\/wp\/v2\/posts\/10119","targetHints":{"allow":["GET"]}}],"collection":[{"href":"https:\/\/www.fredonoccitanie.com\/captages\/wp-json\/wp\/v2\/posts"}],"about":[{"href":"https:\/\/www.fredonoccitanie.com\/captages\/wp-json\/wp\/v2\/types\/post"}],"author":[{"embeddable":true,"href":"https:\/\/www.fredonoccitanie.com\/captages\/wp-json\/wp\/v2\/users\/10"}],"replies":[{"embeddable":true,"href":"https:\/\/www.fredonoccitanie.com\/captages\/wp-json\/wp\/v2\/comments?post=10119"}],"version-history":[{"count":5,"href":"https:\/\/www.fredonoccitanie.com\/captages\/wp-json\/wp\/v2\/posts\/10119\/revisions"}],"predecessor-version":[{"id":10191,"href":"https:\/\/www.fredonoccitanie.com\/captages\/wp-json\/wp\/v2\/posts\/10119\/revisions\/10191"}],"wp:featuredmedia":[{"embeddable":true,"href":"https:\/\/www.fredonoccitanie.com\/captages\/wp-json\/wp\/v2\/media\/10201"}],"wp:attachment":[{"href":"https:\/\/www.fredonoccitanie.com\/captages\/wp-json\/wp\/v2\/media?parent=10119"}],"wp:term":[{"taxonomy":"category","embeddable":true,"href":"https:\/\/www.fredonoccitanie.com\/captages\/wp-json\/wp\/v2\/categories?post=10119"},{"taxonomy":"post_tag","embeddable":true,"href":"https:\/\/www.fredonoccitanie.com\/captages\/wp-json\/wp\/v2\/tags?post=10119"}],"curies":[{"name":"wp","href":"https:\/\/api.w.org\/{rel}","templated":true}]}}